{"id":1957,"date":"2022-09-18T09:24:26","date_gmt":"2022-09-18T12:24:26","guid":{"rendered":"https:\/\/blogs.correiobraziliense.com.br\/eixocapital\/?p=1957"},"modified":"2022-09-18T09:24:26","modified_gmt":"2022-09-18T12:24:26","slug":"vaga-no-segundo-turno-na-corrida-pelo-gdf-gera-disputa-discreta","status":"publish","type":"post","link":"https:\/\/blogs.correiobraziliense.com.br\/eixocapital\/2022\/09\/18\/vaga-no-segundo-turno-na-corrida-pelo-gdf-gera-disputa-discreta\/","title":{"rendered":"Vaga no segundo turno na corrida pelo GDF gera disputa discreta"},"content":{"rendered":"<p><strong>Coluna Eixo Capital, por Ana Maria Campos<\/strong><\/p>\n<p>A duas semanas das elei\u00e7\u00f5es, quatro candidatos disputam cabe\u00e7a a cabe\u00e7a um lugar no segundo turno. Paulo Oct\u00e1vio (PSD), Leila do V\u00f4lei (PDT), Leandro Grass (PV) e Izalci Lucas (PSDB) est\u00e3o embolados, segundo indicam as pesquisas de inten\u00e7\u00e3o de votos, e brigam para enfrentar o governador Ibaneis Rocha (MDB). Mas o embate \u00e9 estrat\u00e9gico. Eles querem o mesmo lugar, mas n\u00e3o podem assumir um confronto aberto, com ataques diretos. Afinal, quem estiver no segundo turno, se houver, vai buscar o apoio dos demais.<\/p>\n<p><strong>Sem confronto<br \/>\n<\/strong>Eles, ali\u00e1s, t\u00eam mantido uma boa rela\u00e7\u00e3o. Leandro Grass conversa amistosamente com Paulo Oct\u00e1vio. Leila do V\u00f4lei e Izalci Lucas foram prestigiar a celebra\u00e7\u00e3o pelo anivers\u00e1rio de 120 anos de JK, no Memorial JK, festa organizada pela fam\u00edlia Kubitschek da qual Paulo Oct\u00e1vio faz parte.<\/p>\n<p><strong>Baixarias<br \/>\n<\/strong>A deputada Fl\u00e1via Arruda (PL) tem sido alvo das maiores baixarias da campanha at\u00e9 agora.<\/p>\n<h3>Pol\u00edtica nacional<\/h3>\n<p>O deputado F\u00e1bio F\u00e9lix (PSol) afirma que a decis\u00e3o de a decis\u00e3o de apostar na <a href=\"https:\/\/blogs.correiobraziliense.com.br\/eixocapital\/2022\/09\/17\/psol-aposta-alto-na-reeleicao-do-distrital-fabio-felix\/\"><strong>elei\u00e7\u00e3o dos deputados estaduais e federais do PSol foi da executiva nacional<\/strong><\/a> \u00a0e vale para todas as unidades da federa\u00e7\u00e3o. &#8220;Foi uma pol\u00edtica nacional&#8221;, explica o distrital. Segundo F\u00e9lix, muita gente parece estar gastando menos na campanha, mas na verdade faz caixa dois.<\/p>\n<p><strong>Apoios suprapartid\u00e1rios<br \/>\n<\/strong>O ex-senador Cristovam Buarque (Cidadania-DF) escolheu candidatos de outros partidos que considera identificados com suas bandeiras para declarar apoio. Al\u00e9m de defender h\u00e1 meses voto em Lula no primeiro turno, ele defendeu a candidatura de Pedro Ivo, da federa\u00e7\u00e3o PSol-Rede Sustentabilidade, ao Senado, e de Daniel Radar (Uni\u00e3o) para deputado distrital.<\/p>\n<p><strong>Voto em Paulo Roque<br \/>\n<\/strong>Na disputa a deputado federal, Cristovam Buarque gravou um v\u00eddeo de apoio ao advogado Paulo Roque (Novo). &#8220;Paulo Roque \u00e9 do meu partido, o partido da educa\u00e7\u00e3o. Eu creio que o Distrito Federal ter\u00e1 um excelente deputado se eleger Paulo Roque&#8221;, afirma o ex-senador, ex-governador e ex-ministro da Educa\u00e7\u00e3o. &#8220;Sua forma\u00e7\u00e3o, sua luta para chegar onde chegou e os compromissos de um Distrito Federal melhor e sobretudo para uma educa\u00e7\u00e3o melhor para todas as crian\u00e7as brasileiras&#8221;, afirma.<\/p>\n<p><strong>Saco cheio<br \/>\n<\/strong>Candidata a deputada distrital pelo PP, Cristina Bolsonaro, m\u00e3e do filho 04 do presidente, Jair Renan, gravou um desabafo nas redes sociais. Disse que est\u00e1 &#8220;de saco cheio&#8221; das cobran\u00e7as da imprensa sobre a casa comprada no Lago Sul. &#8220;Eu n\u00e3o devo satisfa\u00e7\u00e3o a ningu\u00e9m. M\u00eddia escrota, nojenta&#8221;, afirmou.<\/p>\n<p><strong>Mandou bem<br \/>\n<\/strong>Duas mulheres est\u00e3o no comando dos dois principais tribunais do pa\u00eds. A ministra Maria Thereza de Assis Moura assumiu a presid\u00eancia do STJ e a ministra Rosa Weber tomou posse na presid\u00eancia do STF.<\/p>\n<p><strong>Mandou mal<br \/>\n<\/strong>O governo federal decidiu fazer um corte de 60% nos recursos previstos para o programa Farm\u00e1cia Popular em 2023. Os recursos ser\u00e3o destinados ao chamado Or\u00e7amento Secreto.<\/p>\n<p><strong>Guerra no tribunal<br \/>\n<\/strong>De 17 propagandas do hor\u00e1rio eleitoral de Leandro Grass (PV), a coliga\u00e7\u00e3o de Ibaneis Rocha (MDB) conseguiu no TRE-DF suspender oito. E ainda h\u00e1 outras tr\u00eas representa\u00e7\u00f5es para serem julgadas. S\u00e3o ataques e cr\u00edticas ao governo. Mas h\u00e1 outros motivos tamb\u00e9m. Uma anima\u00e7\u00e3o com c\u00e3es e gatos foi suspensa porque a legisla\u00e7\u00e3o n\u00e3o permite uso de computa\u00e7\u00e3o gr\u00e1fica nas inser\u00e7\u00f5es. Grass dizia que pretende construir hospitais veterin\u00e1rios.<\/p>\n<blockquote><p>&#8220;Tenho certeza que se Leonel Brizola estivesse vivo, estaria naquele palanque sentado<br \/>\nao lado de Lula&#8221;<\/p>\n<p><strong>Ex-presidente Dilma Rousseff<\/strong><\/p>\n<p>&#8220;O \u00fanico candidato que n\u00e3o tem rabo preso e n\u00e3o tem hist\u00f3rico de corrup\u00e7\u00e3o pra denunciar os absurdos que nosso povo tem sofrido nas m\u00e3os do sistema sou eu. Quer manter a mesma coisa? Est\u00e3o os outros dois a\u00ed. Quer mudar? Me d\u00ea uma oportunidade&#8221;<\/p>\n<p><strong>Ciro Gomes (PDT), candidato \u00e0 Presid\u00eancia<\/strong><\/p><\/blockquote>\n<p><strong>Enquanto isso\u2026 Na sala de Justi\u00e7a<\/strong><br \/>\nSaiu na semana passada a aposentadoria volunt\u00e1ria integral do desembargador Sebasti\u00e3o Coelho, do Tribunal de Justi\u00e7a do Distrito Federal e Territ\u00f3rios (TJDFT). Ele abriu m\u00e3o de oito anos na magistratura e os cargos de vice-presidente e corregedor do Tribunal Regional Eleitoral do Distrito Federal (TRE-DF). Alegou descontentamento com o discurso de posse do presidente do Tribunal Superior Eleitoral (TSE), Alexandre de Moraes.<\/p>\n<p>&nbsp;<\/p>\n","protected":false},"excerpt":{"rendered":"<p>Quatro candidatos disputam cabe\u00e7a a cabe\u00e7a um lugar no segundo turno. Paulo Oct\u00e1vio, Leila do V\u00f4lei, Leandro Grass e Izalci Lucas est\u00e3o embolados<\/p>\n","protected":false},"author":9,"featured_media":1958,"comment_status":"open","ping_status":"open","sticky":false,"template":"","format":"standard","meta":{"footnotes":""},"categories":[247],"tags":[96,29,385,619,53,160,618],"class_list":["post-1957","post","type-post","status-publish","format-standard","has-post-thumbnail","hentry","category-eixo-capital","tag-cristovam-buarque","tag-eleicoes-2022","tag-fabio-felix","tag-farmacia-popular","tag-ibaneis-rocha","tag-leandro-grass","tag-segundo-turno"],"_links":{"self":[{"href":"https:\/\/blogs.correiobraziliense.com.br\/eixocapital\/wp-json\/wp\/v2\/posts\/1957","targetHints":{"allow":["GET"]}}],"collection":[{"href":"https:\/\/blogs.correiobraziliense.com.br\/eixocapital\/wp-json\/wp\/v2\/posts"}],"about":[{"href":"https:\/\/blogs.correiobraziliense.com.br\/eixocapital\/wp-json\/wp\/v2\/types\/post"}],"author":[{"embeddable":true,"href":"https:\/\/blogs.correiobraziliense.com.br\/eixocapital\/wp-json\/wp\/v2\/users\/9"}],"replies":[{"embeddable":true,"href":"https:\/\/blogs.correiobraziliense.com.br\/eixocapital\/wp-json\/wp\/v2\/comments?post=1957"}],"version-history":[{"count":1,"href":"https:\/\/blogs.correiobraziliense.com.br\/eixocapital\/wp-json\/wp\/v2\/posts\/1957\/revisions"}],"predecessor-version":[{"id":1959,"href":"https:\/\/blogs.correiobraziliense.com.br\/eixocapital\/wp-json\/wp\/v2\/posts\/1957\/revisions\/1959"}],"wp:featuredmedia":[{"embeddable":true,"href":"https:\/\/blogs.correiobraziliense.com.br\/eixocapital\/wp-json\/wp\/v2\/media\/1958"}],"wp:attachment":[{"href":"https:\/\/blogs.correiobraziliense.com.br\/eixocapital\/wp-json\/wp\/v2\/media?parent=1957"}],"wp:term":[{"taxonomy":"category","embeddable":true,"href":"https:\/\/blogs.correiobraziliense.com.br\/eixocapital\/wp-json\/wp\/v2\/categories?post=1957"},{"taxonomy":"post_tag","embeddable":true,"href":"https:\/\/blogs.correiobraziliense.com.br\/eixocapital\/wp-json\/wp\/v2\/tags?post=1957"}],"curies":[{"name":"wp","href":"https:\/\/api.w.org\/{rel}","templated":true}]}}