{"id":1954,"date":"2022-09-17T10:37:34","date_gmt":"2022-09-17T13:37:34","guid":{"rendered":"https:\/\/blogs.correiobraziliense.com.br\/eixocapital\/?p=1954"},"modified":"2022-09-17T10:37:34","modified_gmt":"2022-09-17T13:37:34","slug":"psol-aposta-alto-na-reeleicao-do-distrital-fabio-felix","status":"publish","type":"post","link":"https:\/\/blogs.correiobraziliense.com.br\/eixocapital\/2022\/09\/17\/psol-aposta-alto-na-reeleicao-do-distrital-fabio-felix\/","title":{"rendered":"PSol aposta alto na reelei\u00e7\u00e3o do distrital F\u00e1bio F\u00e9lix"},"content":{"rendered":"<p><strong>Coluna Eixo Capital, por Ana Maria Campos<\/strong><\/p>\n<p>O deputado distrital F\u00e1bio Felix (PSol) \u00e9 o candidato \u00e0 C\u00e2mara Legislativa da esquerda com maior arrecada\u00e7\u00e3o na campanha. F\u00e1bio recebeu do Fundo Eleitoral R$ 850 mil e mais R$ 22 mil de financiamento coletivo. Ficaram para tr\u00e1s pol\u00edticos tradicionais, como Chico Vigilante (PT) que arrecadou at\u00e9 agora R$ 608 mil, sendo que apenas R$ 504 mil foram do fundo. F\u00e9lix recebeu do PSol mais que a candidata ao Governo, Keka Bagno. A legenda doou at\u00e9 agora R$ 508,2 mil para a campanha ao Buriti.<\/p>\n<h3>Z\u00e9lio Maia desiste de candidatura a deputado<\/h3>\n<p>O procurador Z\u00e9lio Maia, ex-diretor-geral do Detran-DF, decidiu retirar a candidatura a deputado federal pelo MDB. Motivo: &#8220;desequil\u00edbrio na distribui\u00e7\u00e3o de recursos no partido&#8221;. O presidente do MDB-DF, Rafael Prudente, recebeu R$ 2,5 milh\u00f5es do Fundo Eleitoral para a campanha \u00e0 C\u00e2mara dos Deputados. Z\u00e9lio recebeu R$ 400 mil, segundo ele, depois de muito enfrentamento. Outros candidatos do MDB ficaram com menos recursos. O Coronel M\u00e1rcio Vasconcelos, ex-comandante-geral da PM, por exemplo, s\u00f3 teve, at\u00e9 o momento, uma doa\u00e7\u00e3o partid\u00e1ria de R$ 100 mil.<\/p>\n<p><strong>Quase R$ 70 milh\u00f5es na campanha do DF<br \/>\n<\/strong>A campanha do Distrito Federal j\u00e1 consumiu R$ 68,9 milh\u00f5es, sendo R$ 62,8 milh\u00f5es em recursos p\u00fablicos. Ou seja, entre as despesas realizadas at\u00e9 agora, 91,25% foram custeadas com dinheiro do Fundo Eleitoral. Os dados s\u00e3o da Justi\u00e7a Eleitoral.<\/p>\n<p><strong>Uma m\u00e3o lava a outra<br \/>\n<\/strong>Em cima do carro de som no Gama, o ex-governador Jos\u00e9 Roberto Arruda (PL), candidato a deputado federal, pediu votos para Paula Belmonte (Cidadania), que concorre a deputada distrital. Eles n\u00e3o tinham uma rela\u00e7\u00e3o pr\u00f3xima, mas agora um ajuda o outro. Como Arruda, Paula tem trabalhado forte no Gama, onde o ex-governador sempre teve muitos votos.<\/p>\n<p><strong>Sabatina para candidatas<br \/>\n<\/strong>O Grupo Mulheres do Brasil\/Bras\u00edlia promove na pr\u00f3xima semana a sabatina PulaPra50 Bras\u00edlia Mulheres na Pol\u00edtica. O encontro vai reunir candidatas aos cargos de deputada federal e distrital no DF. Foram convidadas as candidatas que assinaram uma Carta Compromisso, na qual se comprometem com a pauta de demandas do Grupo Mulheres do Brasil para o Legislativo e Executivo. O evento ser\u00e1 realizado na pr\u00f3xima segunda-feira, \u00e0s 17h, no Audit\u00f3rio Mauricio de Campos Bastos, no Lago Sul, com transmiss\u00e3o pela p\u00e1gina da institui\u00e7\u00e3o no Facebook. Organizado pelos Comit\u00eas Pol\u00edticas P\u00fablicas e Comunica\u00e7\u00e3o, a sabatina ter\u00e1 cinco blocos de perguntas e respostas, e ser\u00e1 mediada pelos jornalistas Sheila D&#8217; Amorim e Marcelo Moraes.<\/p>\n<p><strong>Debate suprapartid\u00e1rio<br \/>\n<\/strong>O PulaPra50 Brasil Mulheres na Pol\u00edtica \u00e9 um movimento que visa ampliar a representatividade feminina na pol\u00edtica, para que as mulheres cheguem a ocupar 50% das cadeiras do legislativo brasileiro \u2014 C\u00e2mara dos Deputados e Senado. Est\u00e3o confirmadas na sabatina as candidatas a deputada federal Eliana Pedrosa (Uni\u00e3o); J\u00falia Lucy (Uni\u00e3o) e Nana (Novo). E as candidatas a deputada distrital Professora Ana Elen (PSB); Deborah Carvalhido (PSD); Dora Gomes (PSDB); Ericka Filippelli (PTB); Professora H\u00e9rica (PMN); Ilda Peliz (PL); Ludmila de Faro (MDB); Monica Alvarez (Novo); Paula Belmonte (Cidadania); Raissa Rossiter (PSB); Vanessa Mendon\u00e7a (MDB); e Jana Almeida (PSB). O Grupo Mulheres do Brasil \u2014 N\u00facleo Bras\u00edlia\/ DF \u00e9 suprapartid\u00e1rio e desde a sua cria\u00e7\u00e3o, em 2017, tem atuado de maneira crescente em v\u00e1rias frentes com atividades que v\u00e3o desde o enfrentamento \u00e0 viol\u00eancia, o est\u00edmulo ao seu empoderamento social e econ\u00f4mico, bem como a luta pela amplia\u00e7\u00e3o do acesso de mulheres e meninas \u00e0s pol\u00edticas p\u00fablicas.<\/p>\n","protected":false},"excerpt":{"rendered":"<p>O deputado distrital F\u00e1bio Felix (PSol) \u00e9 o candidato \u00e0 C\u00e2mara Legislativa da esquerda com maior arrecada\u00e7\u00e3o na campanha, com R$ 850 mil do Fundo Eleitoral<\/p>\n","protected":false},"author":9,"featured_media":1955,"comment_status":"open","ping_status":"open","sticky":false,"template":"","format":"standard","meta":{"footnotes":""},"categories":[247],"tags":[385,615,462,617,139],"class_list":["post-1954","post","type-post","status-publish","format-standard","has-post-thumbnail","hentry","category-eixo-capital","tag-fabio-felix","tag-fundo-eleitoral","tag-jose-roberto-arruda","tag-mulheres-do-brasil","tag-paula-belmonte"],"_links":{"self":[{"href":"https:\/\/blogs.correiobraziliense.com.br\/eixocapital\/wp-json\/wp\/v2\/posts\/1954","targetHints":{"allow":["GET"]}}],"collection":[{"href":"https:\/\/blogs.correiobraziliense.com.br\/eixocapital\/wp-json\/wp\/v2\/posts"}],"about":[{"href":"https:\/\/blogs.correiobraziliense.com.br\/eixocapital\/wp-json\/wp\/v2\/types\/post"}],"author":[{"embeddable":true,"href":"https:\/\/blogs.correiobraziliense.com.br\/eixocapital\/wp-json\/wp\/v2\/users\/9"}],"replies":[{"embeddable":true,"href":"https:\/\/blogs.correiobraziliense.com.br\/eixocapital\/wp-json\/wp\/v2\/comments?post=1954"}],"version-history":[{"count":1,"href":"https:\/\/blogs.correiobraziliense.com.br\/eixocapital\/wp-json\/wp\/v2\/posts\/1954\/revisions"}],"predecessor-version":[{"id":1956,"href":"https:\/\/blogs.correiobraziliense.com.br\/eixocapital\/wp-json\/wp\/v2\/posts\/1954\/revisions\/1956"}],"wp:featuredmedia":[{"embeddable":true,"href":"https:\/\/blogs.correiobraziliense.com.br\/eixocapital\/wp-json\/wp\/v2\/media\/1955"}],"wp:attachment":[{"href":"https:\/\/blogs.correiobraziliense.com.br\/eixocapital\/wp-json\/wp\/v2\/media?parent=1954"}],"wp:term":[{"taxonomy":"category","embeddable":true,"href":"https:\/\/blogs.correiobraziliense.com.br\/eixocapital\/wp-json\/wp\/v2\/categories?post=1954"},{"taxonomy":"post_tag","embeddable":true,"href":"https:\/\/blogs.correiobraziliense.com.br\/eixocapital\/wp-json\/wp\/v2\/tags?post=1954"}],"curies":[{"name":"wp","href":"https:\/\/api.w.org\/{rel}","templated":true}]}}