{"id":195,"date":"2021-11-04T18:20:56","date_gmt":"2021-11-04T21:20:56","guid":{"rendered":"https:\/\/blogs.correiobraziliense.com.br\/eixocapital\/?p=195"},"modified":"2021-11-04T18:20:56","modified_gmt":"2021-11-04T21:20:56","slug":"reginaldo-veras-sinto-me-envergonhado-com-a-atitude-do-partido-na-votacao-da-pec-dos-precatorios","status":"publish","type":"post","link":"https:\/\/blogs.correiobraziliense.com.br\/eixocapital\/2021\/11\/04\/reginaldo-veras-sinto-me-envergonhado-com-a-atitude-do-partido-na-votacao-da-pec-dos-precatorios\/","title":{"rendered":"Reginaldo Veras: \u201cSinto-me envergonhado com a atitude do partido na vota\u00e7\u00e3o da PEC dos precat\u00f3rios\u201d"},"content":{"rendered":"<p>O deputado distrital Reginaldo Veras (PDT) \u00e9 um dos pedetistas que concorda com a postura do pr\u00e9-candidato \u00e0 Presid\u00eancia pelo partido, Ciro Gomes, nas cr\u00edticas aos votos da bancada na PEC 23\/21, a PEC dos Precat\u00f3rios.<\/p>\n<p>&nbsp;<\/p>\n<p>Ciro disse que em rep\u00fadio \u00e0 posi\u00e7\u00e3o do partido suspenderia a pr\u00e9-candidatura. \u201cH\u00e1 momentos em que a vida nos traz surpresas fortemente negativas e nos coloca graves desafios.\u00a0\u00c9 o que sinto, neste momento, ao deparar-me com a decis\u00e3o de parte substantiva da bancada do PDT de apoiar a famigerada PEC dos Precat\u00f3rios\u201d, escreveu Ciro, no Twitter.<\/p>\n<p>&nbsp;<\/p>\n<p>E acrescentou: \u201cA mim s\u00f3 me resta um caminho: deixar a minha pr\u00e9-candidatura em suspenso at\u00e9 que a bancada do meu partido reavalie sua posi\u00e7\u00e3o\u201d. Ciro disse que espera uma mudan\u00e7a de posicionamento quando a proposta for apreciada em segundo turno.<\/p>\n<p>&nbsp;<\/p>\n<p>Entre os 24 pedetistas, 15 votaram a favor da PEC que estabelece limites para pagamento de precat\u00f3rios e extingue o teto de gastos p\u00fablicos para custear o Aux\u00edlio Brasil, programa social importante para a campanha \u00e0 reelei\u00e7\u00e3o do presidente Jair Bolsonaro.<\/p>\n<p>&nbsp;<\/p>\n<p>Reginaldo Veras diz que Ciro tem raz\u00e3o.\u00a0&#8220;N\u00e3o tapo o sol com a peneira. Sou pedetista de alma, cora\u00e7\u00e3o e a\u00e7\u00e3o, mas me sinto envergonhado com a atitude do partido na vota\u00e7\u00e3o da PEC dos precat\u00f3rios&#8221;.<\/p>\n","protected":false},"excerpt":{"rendered":"<p>O deputado distrital Reginaldo Veras (PDT) \u00e9 um dos pedetistas que concorda com a postura do pr\u00e9-candidato \u00e0 Presid\u00eancia pelo partido, Ciro Gomes, nas cr\u00edticas aos votos da bancada na PEC 23\/21, a PEC dos Precat\u00f3rios. &nbsp; Ciro disse que em rep\u00fadio \u00e0 posi\u00e7\u00e3o do partido suspenderia a pr\u00e9-candidatura. \u201cH\u00e1 momentos em que a vida nos traz surpresas fortemente negativas [&hellip;]<\/p>\n","protected":false},"author":9,"featured_media":197,"comment_status":"open","ping_status":"open","sticky":false,"template":"","format":"standard","meta":{"footnotes":""},"categories":[1],"tags":[105,56,42,104,100,103],"class_list":["post-195","post","type-post","status-publish","format-standard","has-post-thumbnail","hentry","category-sem-categoria","tag-bancada","tag-bolsonaro","tag-camara","tag-pdt","tag-pec-dos-precatorios","tag-reginaldo-veras"],"_links":{"self":[{"href":"https:\/\/blogs.correiobraziliense.com.br\/eixocapital\/wp-json\/wp\/v2\/posts\/195","targetHints":{"allow":["GET"]}}],"collection":[{"href":"https:\/\/blogs.correiobraziliense.com.br\/eixocapital\/wp-json\/wp\/v2\/posts"}],"about":[{"href":"https:\/\/blogs.correiobraziliense.com.br\/eixocapital\/wp-json\/wp\/v2\/types\/post"}],"author":[{"embeddable":true,"href":"https:\/\/blogs.correiobraziliense.com.br\/eixocapital\/wp-json\/wp\/v2\/users\/9"}],"replies":[{"embeddable":true,"href":"https:\/\/blogs.correiobraziliense.com.br\/eixocapital\/wp-json\/wp\/v2\/comments?post=195"}],"version-history":[{"count":2,"href":"https:\/\/blogs.correiobraziliense.com.br\/eixocapital\/wp-json\/wp\/v2\/posts\/195\/revisions"}],"predecessor-version":[{"id":198,"href":"https:\/\/blogs.correiobraziliense.com.br\/eixocapital\/wp-json\/wp\/v2\/posts\/195\/revisions\/198"}],"wp:featuredmedia":[{"embeddable":true,"href":"https:\/\/blogs.correiobraziliense.com.br\/eixocapital\/wp-json\/wp\/v2\/media\/197"}],"wp:attachment":[{"href":"https:\/\/blogs.correiobraziliense.com.br\/eixocapital\/wp-json\/wp\/v2\/media?parent=195"}],"wp:term":[{"taxonomy":"category","embeddable":true,"href":"https:\/\/blogs.correiobraziliense.com.br\/eixocapital\/wp-json\/wp\/v2\/categories?post=195"},{"taxonomy":"post_tag","embeddable":true,"href":"https:\/\/blogs.correiobraziliense.com.br\/eixocapital\/wp-json\/wp\/v2\/tags?post=195"}],"curies":[{"name":"wp","href":"https:\/\/api.w.org\/{rel}","templated":true}]}}