{"id":1943,"date":"2022-09-09T07:29:13","date_gmt":"2022-09-09T10:29:13","guid":{"rendered":"https:\/\/blogs.correiobraziliense.com.br\/eixocapital\/?p=1943"},"modified":"2022-09-09T07:29:13","modified_gmt":"2022-09-09T10:29:13","slug":"bolsonaro-admite-coracao-esta-dividido-na-disputa-do-senado-no-df","status":"publish","type":"post","link":"https:\/\/blogs.correiobraziliense.com.br\/eixocapital\/2022\/09\/09\/bolsonaro-admite-coracao-esta-dividido-na-disputa-do-senado-no-df\/","title":{"rendered":"Bolsonaro admite: cora\u00e7\u00e3o est\u00e1 dividido na disputa do Senado no DF"},"content":{"rendered":"<p><strong>Coluna Eixo Capital, por Ana Maria Campos<\/strong><\/p>\n<p>O presidente Jair Bolsonaro ficou constrangido com a pergunta da jornalista Denise Rothenburg, na sabatina do <strong>Correio<\/strong> e TV Bras\u00edlia, sobre a disputa pela vaga ao Senado no Distrito Federal entre duas ex-ministras de seu governo, Fl\u00e1via Arruda (PL) e Damares Alves (Republicanos). &#8220;Gosto muito da Fl\u00e1via Arruda, minha ministra, e gosto muito da Damares, minha ministra. Estou indeciso. Estou na coluna do meio nessa quest\u00e3o. Eu falo a mesma coisa aqui para o DF o que falei para Minas Gerais: &#8216;Deus ilumine voc\u00eas aqui para escolher uma das duas'&#8221;. Ele come\u00e7ou dizendo: &#8220;Tem l\u00e1 a Dona flor e seus dois maridos, eu pego o inverso aqui\u2026 Se bem que eu n\u00e3o tenho duas\u00a0 esposas, n\u00e3o. Eu sou monog\u00e2mico&#8221;.<\/p>\n<p><strong>Ajuda da ex-ministra<br \/>\n<\/strong>Fl\u00e1via Arruda acompanhou a sabatina do presidente Jair Bolsonaro no est\u00fadio da TV Bras\u00edlia. Em alguns momentos, ele a citou na entrevista. E no intervalo pediu colabora\u00e7\u00e3o para lembrar a\u00e7\u00f5es de seu governo favor\u00e1veis \u00e0s mulheres. Ela ajudou.<\/p>\n<p><strong>No primeiro turno<br \/>\n<\/strong>Sobre Ibaneis Rocha, o presidente Jair Bolsonaro disse, na sabatina do <strong>Correio<\/strong> e da TV Bras\u00edlia: <a href=\"https:\/\/www.correiobraziliense.com.br\/cidades-df\/2022\/09\/5035517-bolsonaro-sobre-candidatura-de-ibaneis-a-reeleicao-esta-concorrendo-sozinho.html\"><strong>&#8220;Acho que Ibaneis est\u00e1 resolvido no primeiro turno&#8221;.<\/strong><\/a><\/p>\n<p><strong>Um otimista<br \/>\n<\/strong>O otimismo do presidente e de sua equipe tamb\u00e9m vale para a pr\u00f3pria campanha. Sobre participar de debates e sabatinas no segundo turno, Bolsonaro disse: &#8220;N\u00e3o vai ter&#8221;.<\/p>\n","protected":false},"excerpt":{"rendered":"<p>Em entrevista ao CB.Poder, Jair Bolsonaro disse que n\u00e3o consegue se definir entre as candidatas ao Senado pelo DF Fl\u00e1via Arruda e Damares Alves<\/p>\n","protected":false},"author":9,"featured_media":1383,"comment_status":"open","ping_status":"open","sticky":false,"template":"","format":"standard","meta":{"footnotes":""},"categories":[247],"tags":[503,29,107,519],"class_list":["post-1943","post","type-post","status-publish","format-standard","has-post-thumbnail","hentry","category-eixo-capital","tag-damares-alves","tag-eleicoes-2022","tag-flavia-arruda","tag-jair-bolsonaro"],"_links":{"self":[{"href":"https:\/\/blogs.correiobraziliense.com.br\/eixocapital\/wp-json\/wp\/v2\/posts\/1943","targetHints":{"allow":["GET"]}}],"collection":[{"href":"https:\/\/blogs.correiobraziliense.com.br\/eixocapital\/wp-json\/wp\/v2\/posts"}],"about":[{"href":"https:\/\/blogs.correiobraziliense.com.br\/eixocapital\/wp-json\/wp\/v2\/types\/post"}],"author":[{"embeddable":true,"href":"https:\/\/blogs.correiobraziliense.com.br\/eixocapital\/wp-json\/wp\/v2\/users\/9"}],"replies":[{"embeddable":true,"href":"https:\/\/blogs.correiobraziliense.com.br\/eixocapital\/wp-json\/wp\/v2\/comments?post=1943"}],"version-history":[{"count":1,"href":"https:\/\/blogs.correiobraziliense.com.br\/eixocapital\/wp-json\/wp\/v2\/posts\/1943\/revisions"}],"predecessor-version":[{"id":1944,"href":"https:\/\/blogs.correiobraziliense.com.br\/eixocapital\/wp-json\/wp\/v2\/posts\/1943\/revisions\/1944"}],"wp:featuredmedia":[{"embeddable":true,"href":"https:\/\/blogs.correiobraziliense.com.br\/eixocapital\/wp-json\/wp\/v2\/media\/1383"}],"wp:attachment":[{"href":"https:\/\/blogs.correiobraziliense.com.br\/eixocapital\/wp-json\/wp\/v2\/media?parent=1943"}],"wp:term":[{"taxonomy":"category","embeddable":true,"href":"https:\/\/blogs.correiobraziliense.com.br\/eixocapital\/wp-json\/wp\/v2\/categories?post=1943"},{"taxonomy":"post_tag","embeddable":true,"href":"https:\/\/blogs.correiobraziliense.com.br\/eixocapital\/wp-json\/wp\/v2\/tags?post=1943"}],"curies":[{"name":"wp","href":"https:\/\/api.w.org\/{rel}","templated":true}]}}