{"id":1940,"date":"2022-09-09T07:19:51","date_gmt":"2022-09-09T10:19:51","guid":{"rendered":"https:\/\/blogs.correiobraziliense.com.br\/eixocapital\/?p=1940"},"modified":"2022-09-09T07:19:51","modified_gmt":"2022-09-09T10:19:51","slug":"ibaneis-e-filippelli-rompem-distanciamento","status":"publish","type":"post","link":"https:\/\/blogs.correiobraziliense.com.br\/eixocapital\/2022\/09\/09\/ibaneis-e-filippelli-rompem-distanciamento\/","title":{"rendered":"Ibaneis e Filippelli rompem distanciamento"},"content":{"rendered":"<p><strong>Coluna Eixo Capital, por Ana Maria Campos<\/strong><\/p>\n<p>O ex-vice-governador Tadeu Filippelli (MDB) ofereceu, ontem (8\/9), em sua casa, um almo\u00e7o ao governador Ibaneis Rocha (MDB). Foi um encontro pessoal, com a presen\u00e7a da esposa de Filippelli, Ana Paula, e do filho Bruno Filippelli. Foi o rompimento de um distanciamento que havia desde o in\u00edcio da gest\u00e3o de Ibaneis no Pal\u00e1cio do Buriti. Os dois conversaram muito sobre um poss\u00edvel segundo governo de Ibaneis e sobre como Filippelli poder\u00e1 ajudar, caso seja eleito deputado distrital. Ibaneis considerou o convite uma demonstra\u00e7\u00e3o de respeito. &#8220;Voc\u00ea n\u00e3o convida algu\u00e9m para almo\u00e7ar na sua casa, com a sua fam\u00edlia, se n\u00e3o tiver carinho por essa pessoa&#8221;, disse Ibaneis. Segundo, ainda, o governador, ele e Filippelli estar\u00e3o unidos para fortalecer cada vez mais o MDB no DF. Ibaneis antecipou ainda que a elei\u00e7\u00e3o de Filippelli ser\u00e1 muito importante para um novo governo dele, al\u00e9m de um quadro importante para a C\u00e2mara Legislativa. &#8220;Tadeu tem muita experi\u00eancia no Legislativo e no Executivo&#8221;, afirmou.<\/p>\n<p><strong>Modelo igual<br \/>\n<\/strong>Se for eleito deputado distrital, Tadeu Filippelli (MDB) tem grande chance de se eleger presidente da C\u00e2mara Legislativa, num eventual segundo mandato de Ibaneis Rocha. Seria a sequ\u00eancia de um modelo que j\u00e1 existe hoje, com o deputado Rafael Prudente (MDB) na presid\u00eancia da Casa.<\/p>\n<h3>Bolsonaro vai nomear novo chefe do MPDFT<\/h3>\n<p>Os promotores de Justi\u00e7a Dermeval Farias, Georges Seigneur e Wagner de Castro foram os escolhidos para formar a lista tr\u00edplice ao cargo de procurador-geral de Justi\u00e7a do Distrito Federal. Dermeval Farias foi o primeiro na lista com 234 votos. Georges Seigneur teve 227 votos e ficou em segundo lugar. Wagner Castro ficou em terceiro lugar com 139 votos. A escolha foi realizada ontem. Os membros da institui\u00e7\u00e3o puderam votar em at\u00e9 tr\u00eas candidatos. Agora, cabe ao presidente Jair Bolsonaro escolher um dos tr\u00eas para a sucess\u00e3o da procuradora-geral de Justi\u00e7a, Fabiana Costa.<\/p>\n<p><strong>Boa aposta<br \/>\n<\/strong>O ex-governador Jos\u00e9 Roberto Arruda (PL) contratou o desembargador aposentado M\u00e1rio Machado como advogado para o processo de registro de sua candidatura a deputado federal. Um aliado e tanto. Machado \u00e9 querido e respeitado entre integrantes do Minist\u00e9rio P\u00fablico e da Justi\u00e7a.<\/p>\n<p><strong>Casos iguais, s\u00f3 que n\u00e3o<br \/>\n<\/strong>Durante a sustenta\u00e7\u00e3o oral, no julgamento do processo envolvendo o registro da candidatura de Arruda, o advogado Francisco Emerenciano destacou um detalhe curioso. O Minist\u00e9rio P\u00fablico Eleitoral deu parecer favor\u00e1vel \u00e0 candidatura do ex-deputado Roney Nemer (PP) e contr\u00e1rio \u00e0 Arruda. Os dois est\u00e3o condenados em segunda inst\u00e2ncia em processos da Opera\u00e7\u00e3o Caixa de Pandora e, por esse motivo, n\u00e3o disputaram a \u00faltima elei\u00e7\u00e3o. Os dois basearam a elegibilidade nos mesmos argumentos: uma liminar do ministro Nunes Marques, do STF, que levou em conta a poss\u00edvel retroatividade da nova lei de improbidade, que posteriormente foi negada pela maioria dos ministros do Supremo. No parecer do caso de Roney Nemer, o procurador regional eleitoral, Zilmar Drumond, explicou seu entendimento. Segundo ele, Nunes Marques, no caso de Nemer, n\u00e3o limitou a efic\u00e1cia da liminar ao que viesse a ser decidido pelo STF no processo da repercuss\u00e3o geral sobre a nova lei de improbidade. O TRE-DF ainda vai julgar os dois registros.<\/p>\n","protected":false},"excerpt":{"rendered":"<p>Os dois conversaram muito sobre um poss\u00edvel segundo governo de Ibaneis e sobre como Filippelli poder\u00e1 ajudar, caso seja eleito deputado distrital<\/p>\n","protected":false},"author":9,"featured_media":1941,"comment_status":"open","ping_status":"open","sticky":false,"template":"","format":"standard","meta":{"footnotes":""},"categories":[247],"tags":[372,29,53,462,19,256],"class_list":["post-1940","post","type-post","status-publish","format-standard","has-post-thumbnail","hentry","category-eixo-capital","tag-caixa-de-pandora","tag-eleicoes-2022","tag-ibaneis-rocha","tag-jose-roberto-arruda","tag-mpdft","tag-tadeu-filippelli"],"_links":{"self":[{"href":"https:\/\/blogs.correiobraziliense.com.br\/eixocapital\/wp-json\/wp\/v2\/posts\/1940","targetHints":{"allow":["GET"]}}],"collection":[{"href":"https:\/\/blogs.correiobraziliense.com.br\/eixocapital\/wp-json\/wp\/v2\/posts"}],"about":[{"href":"https:\/\/blogs.correiobraziliense.com.br\/eixocapital\/wp-json\/wp\/v2\/types\/post"}],"author":[{"embeddable":true,"href":"https:\/\/blogs.correiobraziliense.com.br\/eixocapital\/wp-json\/wp\/v2\/users\/9"}],"replies":[{"embeddable":true,"href":"https:\/\/blogs.correiobraziliense.com.br\/eixocapital\/wp-json\/wp\/v2\/comments?post=1940"}],"version-history":[{"count":1,"href":"https:\/\/blogs.correiobraziliense.com.br\/eixocapital\/wp-json\/wp\/v2\/posts\/1940\/revisions"}],"predecessor-version":[{"id":1942,"href":"https:\/\/blogs.correiobraziliense.com.br\/eixocapital\/wp-json\/wp\/v2\/posts\/1940\/revisions\/1942"}],"wp:featuredmedia":[{"embeddable":true,"href":"https:\/\/blogs.correiobraziliense.com.br\/eixocapital\/wp-json\/wp\/v2\/media\/1941"}],"wp:attachment":[{"href":"https:\/\/blogs.correiobraziliense.com.br\/eixocapital\/wp-json\/wp\/v2\/media?parent=1940"}],"wp:term":[{"taxonomy":"category","embeddable":true,"href":"https:\/\/blogs.correiobraziliense.com.br\/eixocapital\/wp-json\/wp\/v2\/categories?post=1940"},{"taxonomy":"post_tag","embeddable":true,"href":"https:\/\/blogs.correiobraziliense.com.br\/eixocapital\/wp-json\/wp\/v2\/tags?post=1940"}],"curies":[{"name":"wp","href":"https:\/\/api.w.org\/{rel}","templated":true}]}}