{"id":1923,"date":"2022-09-01T07:28:48","date_gmt":"2022-09-01T10:28:48","guid":{"rendered":"https:\/\/blogs.correiobraziliense.com.br\/eixocapital\/?p=1923"},"modified":"2022-09-01T07:29:11","modified_gmt":"2022-09-01T10:29:11","slug":"policiais-civis-disputam-a-camara-legislativa-e-federal","status":"publish","type":"post","link":"https:\/\/blogs.correiobraziliense.com.br\/eixocapital\/2022\/09\/01\/policiais-civis-disputam-a-camara-legislativa-e-federal\/","title":{"rendered":"Policiais civis disputam a C\u00e2mara Legislativa e Federal"},"content":{"rendered":"<p><strong>Coluna Eixo Capital, por Ana Maria Campos<\/strong><\/p>\n<p>A Pol\u00edcia Civil do Distrito Federal tem 19 representantes nas elei\u00e7\u00f5es deste ano. S\u00e3o 14 candidatos a deputado distrital e cinco a federal. Na disputa \u00e0 C\u00e2mara Legislativa, h\u00e1 seis agentes, entre os quais o ex-presidente do Sinpol-DF Alex Galv\u00e3o (Podemos), o deputado Cl\u00e1udio Abrantes (PSD), o ex-deputado Wellington Luiz (MDB) e Tabanez (MDB), que chegou a assumir como suplente. Outros dois agentes, Dayse (Uni\u00e3o) e Cezar Mariano (DC), tamb\u00e9m registraram candidatura. O deputado Reginaldo Sardinha (PL), que concorre \u00e0 reelei\u00e7\u00e3o, \u00e9 o \u00fanico agente policial de cust\u00f3dia no p\u00e1reo. H\u00e1 tamb\u00e9m cinco delegados. Fernando Fernandes (Pros) busca o segundo mandato. Entre os delegados na corrida a distrital est\u00e3o tamb\u00e9m Pablo (PMN), Jane Kl\u00e9bia (Agir), J\u00falio C\u00e9sar (Agir) e o ex-diretor-geral da Pol\u00edcia Civil do DF Eric Seba. O papiloscopista Luiz Ravena (PRTB) e o perito criminal Gian Chelotti (MDB) tamb\u00e9m concorrem a distrital.<\/p>\n<p><strong>Espa\u00e7o no Congresso<br \/>\n<\/strong>Na disputa a deputado federal, h\u00e1 cinco policiais civis candidatos. O ex-presidente do Sindicato dos Delegados da Pol\u00edcia Civil (Sindepo) Rafael Sampaio (PL) concorre ao lado de Fl\u00e1via Arruda (PL) e do ex-governador Jos\u00e9 Roberto Arruda (PL). O delegado Bautzer (Uni\u00e3o) tamb\u00e9m \u00e9 candidato. Eles disputam os votos dos colegas com o ex-deputado Al\u00edrio Neto (MDB). A papiloscopista Rivania (Pros) e o agente de pol\u00edcia D Souza (PMN) tamb\u00e9m buscam um mandato de deputado federal. Na C\u00e2mara, quem chegar, poder\u00e1 ajudar na libera\u00e7\u00e3o de recursos federais para a seguran\u00e7a p\u00fablica e para as reivindica\u00e7\u00f5es da Pol\u00edcia Civil.<\/p>\n<p><strong>Representa\u00e7\u00e3o forte<br \/>\n<\/strong>A Pol\u00edcia Civil sempre teve nomes fortes na disputa e j\u00e1 elegeu como deputado federal o ex-diretor Laerte Bessa e v\u00e1rios distritais: Wellington Luiz, Cl\u00e1udio Abrantes, Al\u00edrio Neto, F\u00e1bio Barcellos, Cl\u00e1udio Monteiro, Dr. Michel e Renato Rainha. Estes dois \u00faltimos foram deputados e hoje s\u00e3o conselheiros do Tribunal de Contas do Distrito Federal. Na presid\u00eancia da C\u00e2mara Legislativa, dois chegaram: F\u00e1bio Barcellos, que foi agente e dirigente do Sinpol-DF, e Al\u00edrio Neto.<\/p>\n<h3>129 professores da UnB declaram apoio a F\u00e1bio F\u00e9lix<\/h3>\n<p>O deputado F\u00e1bio F\u00e9lix (PSol) conseguiu o apoio de 129 professores da UnB, entre eles D\u00e9bora Diniz, Paulo C\u00e9sar Marques, Beatriz Vargas, Fl\u00e1via Biroli e outros de diferentes \u00e1reas. Em manifesto divulgado ontem, eles justificam o apoio: &#8220;Sabemos da import\u00e2ncia da UnB para Bras\u00edlia e de Bras\u00edlia para a UnB. Por isso queremos tamb\u00e9m enfrentar as m\u00e1fias locais como a dos transportes, da sa\u00fade e da educa\u00e7\u00e3o, garantindo \u00e0 comunidade universit\u00e1ria e \u00e0 popula\u00e7\u00e3o do DF um transporte p\u00fablico de qualidade, com passe livre e irrestrito para os estudantes e a popula\u00e7\u00e3o; queremos uma sa\u00fade de acesso universal, preventiva e de qualidade&#8221;.<\/p>\n<p><strong>Gabinete aberto<br \/>\n<\/strong>Candidato a deputado federal pelo PP, o ex-governador Rog\u00e9rio Rosso esteve ontem com o presidente do TRE-DF, Roberval Belinati, acompanhado do ex-vice-governador Renato Santana, que concorre a distrital, e do advogado Cl\u00e1udio Lima. Belinati tem recebido pol\u00edticos de v\u00e1rios partidos e conversado abertamente sobre os tr\u00e2mites para as elei\u00e7\u00f5es.<\/p>\n<p><strong>Promessa de amplia\u00e7\u00e3o dos restaurantes comunit\u00e1rios<br \/>\n<\/strong>Candidato do PSTU ao GDF, Robson esteve ontem no restaurante comunit\u00e1rio do Recanto das Emas, distribuiu panfletos e apresentou a proposta de amplia\u00e7\u00e3o. , Diante de um quadro de 20% da popula\u00e7\u00e3o em situa\u00e7\u00e3o de inseguran\u00e7a alimentar, prometeu triplicar o n\u00famero de restaurantes e ter uma pol\u00edtica muito mais ampla de assist\u00eancia social para acabar com a fome no DF.<\/p>\n<p><strong>Na ativa<br \/>\n<\/strong>O advogado Manoel Arruda, presidente regional do Uni\u00e3o Brasil, foi apresentado no programa eleitoral da campanha de Damares Alves (Republicanos) ao Senado. \u00c9 um dos raros casos de suplente que aparece. E ele diz que vai trabalhar. &#8220;N\u00e3o vou parar dia nenhum&#8221;, afirma.<\/p>\n<p><strong>Acordo<br \/>\n<\/strong>O senador Izalci Lucas (PSDB) e a deputada Paula Belmonte (Cidadania) fizeram um acordo pol\u00edtico. Na condi\u00e7\u00e3o de coordenador das decis\u00f5es regionais da federa\u00e7\u00e3o PSDB-Cidadania, Izalci aceita a candidatura de Paula a deputada distrital e ela retira as a\u00e7\u00f5es judiciais que contestam a decis\u00e3o nacional de lan\u00e7\u00e1-lo candidato ao governo do DF.<\/p>\n<p><strong>Libera\u00e7\u00e3o do MP<br \/>\n<\/strong>Antes do acordo, o procurador regional eleitoral do DF, Zilmar Ant\u00f4nio Drumond, se manifestou contr\u00e1rio \u00e0 elegibilidade de Paula Belmonte como candidata a deputada distrital por falta de anu\u00eancia de Izalci Lucas. Mas o senador enviou um of\u00edcio comunicando que houve um entendimento entre os partidos da federa\u00e7\u00e3o e foi garantido o aval para a candidatura de Paula. Em novo parecer, o Minist\u00e9rio P\u00fablico Eleitoral opinou pelo deferimento da candidatura de Paula \u00e0 C\u00e2mara Legislativa.<\/p>\n","protected":false},"excerpt":{"rendered":"<p>A Pol\u00edcia Civil do Distrito Federal tem 19 representantes nas elei\u00e7\u00f5es deste ano. S\u00e3o 14 candidatos a deputado distrital e cinco a federal<\/p>\n","protected":false},"author":9,"featured_media":1924,"comment_status":"open","ping_status":"open","sticky":false,"template":"","format":"standard","meta":{"footnotes":""},"categories":[247],"tags":[29,385,60,139,121,257],"class_list":["post-1923","post","type-post","status-publish","format-standard","has-post-thumbnail","hentry","category-eixo-capital","tag-eleicoes-2022","tag-fabio-felix","tag-izalci-lucas","tag-paula-belmonte","tag-policia-civil","tag-rogerio-rosso"],"_links":{"self":[{"href":"https:\/\/blogs.correiobraziliense.com.br\/eixocapital\/wp-json\/wp\/v2\/posts\/1923","targetHints":{"allow":["GET"]}}],"collection":[{"href":"https:\/\/blogs.correiobraziliense.com.br\/eixocapital\/wp-json\/wp\/v2\/posts"}],"about":[{"href":"https:\/\/blogs.correiobraziliense.com.br\/eixocapital\/wp-json\/wp\/v2\/types\/post"}],"author":[{"embeddable":true,"href":"https:\/\/blogs.correiobraziliense.com.br\/eixocapital\/wp-json\/wp\/v2\/users\/9"}],"replies":[{"embeddable":true,"href":"https:\/\/blogs.correiobraziliense.com.br\/eixocapital\/wp-json\/wp\/v2\/comments?post=1923"}],"version-history":[{"count":1,"href":"https:\/\/blogs.correiobraziliense.com.br\/eixocapital\/wp-json\/wp\/v2\/posts\/1923\/revisions"}],"predecessor-version":[{"id":1925,"href":"https:\/\/blogs.correiobraziliense.com.br\/eixocapital\/wp-json\/wp\/v2\/posts\/1923\/revisions\/1925"}],"wp:featuredmedia":[{"embeddable":true,"href":"https:\/\/blogs.correiobraziliense.com.br\/eixocapital\/wp-json\/wp\/v2\/media\/1924"}],"wp:attachment":[{"href":"https:\/\/blogs.correiobraziliense.com.br\/eixocapital\/wp-json\/wp\/v2\/media?parent=1923"}],"wp:term":[{"taxonomy":"category","embeddable":true,"href":"https:\/\/blogs.correiobraziliense.com.br\/eixocapital\/wp-json\/wp\/v2\/categories?post=1923"},{"taxonomy":"post_tag","embeddable":true,"href":"https:\/\/blogs.correiobraziliense.com.br\/eixocapital\/wp-json\/wp\/v2\/tags?post=1923"}],"curies":[{"name":"wp","href":"https:\/\/api.w.org\/{rel}","templated":true}]}}