{"id":1915,"date":"2022-08-30T07:21:44","date_gmt":"2022-08-30T10:21:44","guid":{"rendered":"https:\/\/blogs.correiobraziliense.com.br\/eixocapital\/?p=1915"},"modified":"2022-08-30T07:21:44","modified_gmt":"2022-08-30T10:21:44","slug":"arrecadacao-da-campanha-de-ibaneis-rocha-ja-supera-r-45-milhoes","status":"publish","type":"post","link":"https:\/\/blogs.correiobraziliense.com.br\/eixocapital\/2022\/08\/30\/arrecadacao-da-campanha-de-ibaneis-rocha-ja-supera-r-45-milhoes\/","title":{"rendered":"Arrecada\u00e7\u00e3o da campanha de Ibaneis Rocha j\u00e1 supera R$ 4,5 milh\u00f5es"},"content":{"rendered":"<p><strong>Coluna Eixo Capital, por Ana Maria Campos<\/strong><\/p>\n<p>Al\u00e9m da estrutura administrativa que lhe garante entregas di\u00e1rias ao eleitor, n\u00e3o falta dinheiro na campanha do governador Ibaneis Rocha (MDB). Al\u00e9m dos R$ 3 milh\u00f5es que recebeu de seu partido, do Fundo Eleitoral, Ibaneis declarou mais R$ 1,5 milh\u00e3o do PP, legenda da vice na chapa, a deputada federal Celina Le\u00e3o. Ibaneis j\u00e1 arrecadou 63% do limite de gastos previsto para o primeiro turno, que \u00e9 R$ 7,1 milh\u00f5es. Na primeira elei\u00e7\u00e3o, em 2018, Ibaneis recebeu R$ 1,379 milh\u00e3o do MDB e aplicou do pr\u00f3prio bolso R$ 3,7 milh\u00f5es.<\/p>\n<p><strong>Despesa com advogados<br \/>\n<\/strong>A \u00fanica despesa at\u00e9 agora registrada por Ibaneis Rocha foi com o escrit\u00f3rio de advocacia Rangel Ferreira Advogados. Foram destinados R$ 300 mil. O principal servi\u00e7o foi a impugna\u00e7\u00e3o do registro da candidatura do empres\u00e1rio Paulo Oct\u00e1vio (PSD).<\/p>\n<p><strong>Na conta<br \/>\n<\/strong>A senadora Leila Barros (PDT) recebeu at\u00e9 agora R$ 3.557.761,53 do partido. Metade do que poder\u00e1 gastar no primeiro turno. Izalci Lucas (PSDB) declarou R$ 1,288 milh\u00e3o. J\u00e1 Leandro Grass (PV) e Paulo Oct\u00e1vio (PSD) n\u00e3o tiveram ainda aporte de seus partidos. PO recebeu R$ 50 mil do filho Felipe Oct\u00e1vio Kubitschek.<\/p>\n<h3>Ren\u00fancia da a\u00e7\u00e3o<\/h3>\n<p>Depois de decidir <a href=\"https:\/\/www.correiobraziliense.com.br\/cidades-df\/2022\/08\/5032020-rafael-parente-psb-renuncia-candidatura-ao-gdf-e-apoia-leandro-grass-pv.html\"><strong>renunciar \u00e0 candidatura ao governo<\/strong><\/a>, Rafael Parente (PSB) tamb\u00e9m abriu m\u00e3o da a\u00e7\u00e3o de impugna\u00e7\u00e3o contra o registro da candidatura de Paulo Oct\u00e1vio. Ele encaminhou ontem o pedido de desist\u00eancia ao Tribunal Regional Eleitoral (TRE-DF). Parente n\u00e3o quer briga com Paulo Oct\u00e1vio. Na verdade, torce que ele permane\u00e7a no p\u00e1reo para tirar votos de Ibaneis Rocha.<\/p>\n<p><strong>Liberada das dores<br \/>\n<\/strong>Dia cheio hoje para a candidata Leila Barros (PDT) ao lado do representante de seu partido na disputa presidencial, Ciro Gomes. Ele estar\u00e1 em Bras\u00edlia. Por causa do desgaste do esporte, <a href=\"https:\/\/blogs.correiobraziliense.com.br\/eixocapital\/2022\/08\/29\/leila-barros-se-submete-a-procedimento-no-quadril\/\"><strong>Leila estava com dores no quadril<\/strong><\/a> que foram aliviados com uma infiltra\u00e7\u00e3o. O procedimento m\u00e9dico foi realizado domingo.<\/p>\n<p><strong>Para colecionadores<br \/>\n<\/strong>Para quem gosta de colecionar, o candidato Leandro Grass (PV) ganhou de apoiadores da campanha um bonequinho feito \u00e0 sua imagem e outro \u00e0 do ex-presidente Lula. Sucesso total na campanha. Trabalho da artes\u00e3 Larisse Fernandes, da Lirio Branco Ateli\u00ea, no N\u00facleo Bandeirante. S\u00e3o feitos de biscuit.<\/p>\n<p><strong>Missa em Ceil\u00e2ndia<br \/>\n<\/strong>Ser\u00e1 celebrada hoje, na Par\u00f3quia Santo Ant\u00f4nio, em Ceil\u00e2ndia, uma missa em a\u00e7\u00e3o de gra\u00e7as pelo anivers\u00e1rio do ex-deputado e ex-governador Rog\u00e9rio Rosso (PP). Candidato a deputado federal, Rosso come\u00e7ou na pol\u00edtica como administrador da cidade.<\/p>\n<p><strong>Sabatinas na Pol\u00edcia Civil<br \/>\n<\/strong>A Associa\u00e7\u00e3o Brasiliense de Peritos em Criminal\u00edstica (ABPC) come\u00e7a, hoje, uma s\u00e9rie de sabatinas com candidatos a deputado federal e distrital. Os encontros ser\u00e3o realizados na sede do Clube da Agepol, \u00e0s 19h15. Os primeiros a participar ser\u00e3o Rafael Prudente (MDB), candidato \u00e0 C\u00e2mara dos Deputados; e Gian Chelotti (MDB), perito criminal candidato a distrital. &#8220;Os eventos s\u00e3o oportunidades para apresentar as demandas que a categoria como um todo entende importantes, bem como ouvir as propostas que os candidatos possuem para essas demandas&#8221;, explica Andr\u00e9 Meirelles, presidente da ABPC. Cl\u00e1udio Abrantes, distrital que concorre \u00e0 reelei\u00e7\u00e3o pelo PSD, ser\u00e1 sabatinado em 8 de setembro. Em 15 de setembro, ser\u00e1 a vez de Rafael Sampaio, candidato a federal pelo PL. Wellington Luiz, candidato a deputado distrital pelo MDB, ser\u00e1 ouvido em 22 de setembro. O encerramento das sabatinas ser\u00e1 com o Perito F\u00e1bio, que vai disputar uma vaga na C\u00e2mara Legislativa pelo PSB.<\/p>\n<p><strong>A hora do compromisso<br \/>\n<\/strong>O Sindicato dos Policiais Civis do DF (Sinpol-DF) tamb\u00e9m est\u00e1 sabatinando candidatos ao Pal\u00e1cio do Buriti. O primeiro foi Leandro Grass (PV). Amanh\u00e3, ser\u00e1 a vez de Paulo Oct\u00e1vio (PSD). Izalci Lucas (PSDB) dever\u00e1 participar em 28 de setembro. O governador Ibaneis Rocha (MDB) e a senadora Leila Barros (PDT) ainda n\u00e3o marcaram data.<\/p>\n<p><strong>Bolsonaro nomeia desembargadores para o TRE-DF<br \/>\n<\/strong>O presidente Jair Bolsonaro fez duas nomea\u00e7\u00f5es ontem para o Tribunal Regional Eleitoral (TRE-DF). O desembargador eleitoral Renato Augusto Alves Coelho foi reconduzido para mais dois anos de mandato. O advogado Guilherme Pupe da N\u00f3brega foi escolhido como desembargador substituto na vaga decorrente do t\u00e9rmino do mandato de Bruno Martins.<\/p>\n<p><strong>S\u00f3 Papos<\/strong><\/p>\n<blockquote><p>&#8220;Voc\u00ea falou que a miss\u00e3o mais importante de tua esposa era dormir contigo. Pelo amor de Deus, Ciro. Pe\u00e7o que voc\u00ea pe\u00e7a desculpas tamb\u00e9m a\u00ed&#8221;<br \/>\n<strong>Presidente Jair Bolsonaro (PL), sobre uma antiga declara\u00e7\u00e3o de Ciro Gomes a respeito da ent\u00e3o mulher, Patr\u00edcia Pillar<\/strong><\/p>\n<p>&#8220;Ciro n\u00e3o me deve absolutamente nada, e at\u00e9 hoje tenho por ele grande admira\u00e7\u00e3o e respeito. E por acreditar em seu projeto para o futuro do Brasil, ter\u00e1 meu voto&#8221;<br \/>\n<strong>Atriz Patr\u00edcia Pillar, ex-mulher do candidato Ciro Gomes (PDT)<\/strong><\/p><\/blockquote>\n","protected":false},"excerpt":{"rendered":"<p>Al\u00e9m dos R$ 3 milh\u00f5es que recebeu de seu partido, do Fundo Eleitoral, Ibaneis declarou mais R$ 1,5 milh\u00e3o do PP de Celina Le\u00e3o<\/p>\n","protected":false},"author":9,"featured_media":1916,"comment_status":"open","ping_status":"open","sticky":false,"template":"","format":"standard","meta":{"footnotes":""},"categories":[247],"tags":[606,29,53,160,290,74,189,111],"class_list":["post-1915","post","type-post","status-publish","format-standard","has-post-thumbnail","hentry","category-eixo-capital","tag-abpc","tag-eleicoes-2022","tag-ibaneis-rocha","tag-leandro-grass","tag-leila-barros","tag-rafael-parente","tag-sinpol","tag-tre-df"],"_links":{"self":[{"href":"https:\/\/blogs.correiobraziliense.com.br\/eixocapital\/wp-json\/wp\/v2\/posts\/1915","targetHints":{"allow":["GET"]}}],"collection":[{"href":"https:\/\/blogs.correiobraziliense.com.br\/eixocapital\/wp-json\/wp\/v2\/posts"}],"about":[{"href":"https:\/\/blogs.correiobraziliense.com.br\/eixocapital\/wp-json\/wp\/v2\/types\/post"}],"author":[{"embeddable":true,"href":"https:\/\/blogs.correiobraziliense.com.br\/eixocapital\/wp-json\/wp\/v2\/users\/9"}],"replies":[{"embeddable":true,"href":"https:\/\/blogs.correiobraziliense.com.br\/eixocapital\/wp-json\/wp\/v2\/comments?post=1915"}],"version-history":[{"count":1,"href":"https:\/\/blogs.correiobraziliense.com.br\/eixocapital\/wp-json\/wp\/v2\/posts\/1915\/revisions"}],"predecessor-version":[{"id":1917,"href":"https:\/\/blogs.correiobraziliense.com.br\/eixocapital\/wp-json\/wp\/v2\/posts\/1915\/revisions\/1917"}],"wp:featuredmedia":[{"embeddable":true,"href":"https:\/\/blogs.correiobraziliense.com.br\/eixocapital\/wp-json\/wp\/v2\/media\/1916"}],"wp:attachment":[{"href":"https:\/\/blogs.correiobraziliense.com.br\/eixocapital\/wp-json\/wp\/v2\/media?parent=1915"}],"wp:term":[{"taxonomy":"category","embeddable":true,"href":"https:\/\/blogs.correiobraziliense.com.br\/eixocapital\/wp-json\/wp\/v2\/categories?post=1915"},{"taxonomy":"post_tag","embeddable":true,"href":"https:\/\/blogs.correiobraziliense.com.br\/eixocapital\/wp-json\/wp\/v2\/tags?post=1915"}],"curies":[{"name":"wp","href":"https:\/\/api.w.org\/{rel}","templated":true}]}}