{"id":1908,"date":"2022-08-29T16:43:37","date_gmt":"2022-08-29T19:43:37","guid":{"rendered":"https:\/\/blogs.correiobraziliense.com.br\/eixocapital\/?p=1908"},"modified":"2022-08-29T16:45:10","modified_gmt":"2022-08-29T19:45:10","slug":"leila-barros-se-submete-a-procedimento-no-quadril","status":"publish","type":"post","link":"https:\/\/blogs.correiobraziliense.com.br\/eixocapital\/2022\/08\/29\/leila-barros-se-submete-a-procedimento-no-quadril\/","title":{"rendered":"Leila Barros se submete a procedimento no quadril"},"content":{"rendered":"<h4>ANA MARIA CAMPOS<\/h4>\n<p>A candidata Leila Barros (PDT) se submeteu neste domingo (28) a uma infiltra\u00e7\u00e3o no quadril, procedimento m\u00e9dico destinado a al\u00edvio de dores. Por isso, suspendeu a agenda hoje (29).<\/p>\n<p>&nbsp;<\/p>\n<p>Nesta ter\u00e7a-feira (30), Leila retoma as atividades de campanha com uma agenda intensa ao lado do candidato \u00e0 Presid\u00eancia da Rep\u00fablica do PDT, Ciro Gomes.<\/p>\n<p>&nbsp;<\/p>\n<p>Leila e Ciro devem fazer caminhadas ao lado dos candidatos do partido ao Senado, Joe Valle, e a vice-governador Guilherme Campelo.<\/p>\n<p>&nbsp;<\/p>\n<p>Na ortopedia, uma infiltra\u00e7\u00e3o \u00e9 a aplica\u00e7\u00e3o, injetada num tecido, de um medicamento para reduzir a dor em uma regi\u00e3o inflamada, geralmente devido a les\u00f5es.<\/p>\n","protected":false},"excerpt":{"rendered":"<p>ANA MARIA CAMPOS A candidata Leila Barros (PDT) se submeteu neste domingo (28) a uma infiltra\u00e7\u00e3o no quadril, procedimento m\u00e9dico destinado a al\u00edvio de dores. Por isso, suspendeu a agenda hoje (29). &nbsp; Nesta ter\u00e7a-feira (30), Leila retoma as atividades de campanha com uma agenda intensa ao lado do candidato \u00e0 Presid\u00eancia da Rep\u00fablica do PDT, Ciro Gomes. &nbsp; Leila [&hellip;]<\/p>\n","protected":false},"author":9,"featured_media":1912,"comment_status":"open","ping_status":"open","sticky":false,"template":"","format":"standard","meta":{"footnotes":""},"categories":[1],"tags":[605,29,603,290,604],"class_list":["post-1908","post","type-post","status-publish","format-standard","has-post-thumbnail","hentry","category-sem-categoria","tag-campanha","tag-eleicoes-2022","tag-infiltracao","tag-leila-barros","tag-quadril"],"_links":{"self":[{"href":"https:\/\/blogs.correiobraziliense.com.br\/eixocapital\/wp-json\/wp\/v2\/posts\/1908","targetHints":{"allow":["GET"]}}],"collection":[{"href":"https:\/\/blogs.correiobraziliense.com.br\/eixocapital\/wp-json\/wp\/v2\/posts"}],"about":[{"href":"https:\/\/blogs.correiobraziliense.com.br\/eixocapital\/wp-json\/wp\/v2\/types\/post"}],"author":[{"embeddable":true,"href":"https:\/\/blogs.correiobraziliense.com.br\/eixocapital\/wp-json\/wp\/v2\/users\/9"}],"replies":[{"embeddable":true,"href":"https:\/\/blogs.correiobraziliense.com.br\/eixocapital\/wp-json\/wp\/v2\/comments?post=1908"}],"version-history":[{"count":4,"href":"https:\/\/blogs.correiobraziliense.com.br\/eixocapital\/wp-json\/wp\/v2\/posts\/1908\/revisions"}],"predecessor-version":[{"id":1914,"href":"https:\/\/blogs.correiobraziliense.com.br\/eixocapital\/wp-json\/wp\/v2\/posts\/1908\/revisions\/1914"}],"wp:featuredmedia":[{"embeddable":true,"href":"https:\/\/blogs.correiobraziliense.com.br\/eixocapital\/wp-json\/wp\/v2\/media\/1912"}],"wp:attachment":[{"href":"https:\/\/blogs.correiobraziliense.com.br\/eixocapital\/wp-json\/wp\/v2\/media?parent=1908"}],"wp:term":[{"taxonomy":"category","embeddable":true,"href":"https:\/\/blogs.correiobraziliense.com.br\/eixocapital\/wp-json\/wp\/v2\/categories?post=1908"},{"taxonomy":"post_tag","embeddable":true,"href":"https:\/\/blogs.correiobraziliense.com.br\/eixocapital\/wp-json\/wp\/v2\/tags?post=1908"}],"curies":[{"name":"wp","href":"https:\/\/api.w.org\/{rel}","templated":true}]}}