{"id":1904,"date":"2022-08-26T07:17:49","date_gmt":"2022-08-26T10:17:49","guid":{"rendered":"https:\/\/blogs.correiobraziliense.com.br\/eixocapital\/?p=1904"},"modified":"2022-08-26T07:17:49","modified_gmt":"2022-08-26T10:17:49","slug":"falta-de-estrutura-e-apoio-provocaram-renuncia-de-parente","status":"publish","type":"post","link":"https:\/\/blogs.correiobraziliense.com.br\/eixocapital\/2022\/08\/26\/falta-de-estrutura-e-apoio-provocaram-renuncia-de-parente\/","title":{"rendered":"Falta de estrutura e apoio provocaram ren\u00fancia de Parente"},"content":{"rendered":"<p><strong>Coluna Eixo Capital, por Ana Maria Campos<\/strong><\/p>\n<p>Rafael Parente (PSB) decidiu <a href=\"https:\/\/www.correiobraziliense.com.br\/cidades-df\/2022\/08\/5032020-rafael-parente-psb-renuncia-candidatura-ao-gdf-e-apoia-leandro-grass-pv.html\"><strong>renunciar \u00e0 candidatura ao Governo do Distrito Federal<\/strong><\/a> depois de muita reflex\u00e3o. Ele estava chateado. H\u00e1 meses, vinha investindo recursos e esfor\u00e7os pessoais na pr\u00e9-campanha e na campanha. A disputa ao Pal\u00e1cio do Buriti nunca foi uma prioridade da dire\u00e7\u00e3o nacional do PSB, que aposta na elei\u00e7\u00e3o de Rodrigo Rollemberg e do Professor Israel Batista \u00e0 C\u00e2mara dos Deputados. A meta \u00e9 eleger deputados federais. Parente dependia da pr\u00f3pria estrutura, do apoio financeiro que obteve com a ajuda da fam\u00edlia. Passava tempo demais administrando problemas com as candidaturas a distrital, que brigam por apoio e estrutura. No meio dessas dificuldades, a candidatura n\u00e3o crescia. Parente media frequentemente as inten\u00e7\u00f5es de votos e come\u00e7ou a acreditar que o esfor\u00e7o pessoal n\u00e3o rendia os frutos desejados. N\u00e3o deu mais.<\/p>\n<p><strong>Inimigo comum<br \/>\n<\/strong>H\u00e1 alguns dias, Rafael Parente come\u00e7ou a conversar com Leandro Grass. Os dois se conhecem desde que entraram na pol\u00edtica e t\u00eam perfil semelhante. Agora, seguir\u00e3o juntos. Parente deve entrar na campanha no estilo Anitta: &#8220;nunca votou no PT, mas o momento \u00e9 de enfrentar um advers\u00e1rio comum&#8221;. Para Anitta, o inimigo \u00e9 Bolsonaro. Para Parente e Grass, s\u00e3o Bolsonaro e Ibaneis Rocha.<\/p>\n<p><strong>De partida<br \/>\n<\/strong>No \u00faltimo debate, Rafael Parente j\u00e1 estava dando sinais de impaci\u00eancia na elei\u00e7\u00e3o. Chutou o balde e atacou como p\u00f4de o governador Ibaneis Rocha.<\/p>\n<p><strong>Keka continua no p\u00e1reo<br \/>\n<\/strong>Para Keka Bagno (PSol), desistir da candidatura agora \u00e9 dif\u00edcil. Pode atrapalhar os planos do partido de divulgar suas bandeiras, ajudar a eleger deputados e participar do debate. Keka tem conquistado eleitores e surpreendido, mas sua chance ainda \u00e9 pequena. Na pesquisa Correio\/Opini\u00e3o, a assistente social soma 2% das inten\u00e7\u00f5es de votos. Mas Keka pode crescer como importante lideran\u00e7a do partido. Outra dificuldade: ela j\u00e1 recebeu R$ 508 mil para sua campanha da cota partid\u00e1ria.<\/p>\n<h3>Desgaste por inger\u00eancia do MPDFT<\/h3>\n<p>Na campanha de Ibaneis Rocha, a rea\u00e7\u00e3o foi de irrita\u00e7\u00e3o com o pedido de explica\u00e7\u00f5es de oito promotores de Justi\u00e7a sobre a proposta de campanha para o Iges-DF. O governador tem dito que pretende construir tr\u00eas hospitais para serem geridos no modelo do Hospital de Base, do Hospital de Santa Maria e das Upas. O Iges-DF \u00e9 um dos temas mais pol\u00eamicos da campanha. A maioria dos advers\u00e1rios de Ibaneis defende a extin\u00e7\u00e3o do instituto. Para integrantes da campanha, o Minist\u00e9rio P\u00fablico do Distrito Federal e Territ\u00f3rios (MPDFT) deu muni\u00e7\u00e3o para o discurso de candidatos como Leandro Grass (PV), um dos mais cr\u00edticos ao Iges-DF.<\/p>\n<p><strong>Irm\u00e3os em campanha<br \/>\n<\/strong>Andr\u00e9 Kubitschek recebeu do irm\u00e3o Felipe Kubitschek uma doa\u00e7\u00e3o de R$ 50 mil para a sua campanha a deputado federal. Foi a primeira contribui\u00e7\u00e3o. Felipe est\u00e1 na rua com o ca\u00e7ula. E tem dito para os eleitores: &#8220;Pode confiar. Conhe\u00e7o desde pequenininho&#8221;.<\/p>\n<p><strong>Doa\u00e7\u00f5es para o Senado<br \/>\n<\/strong>Candidata ao Senado, Damares Alves recebeu R$ 150 mil do Republicanos, at\u00e9 o momento. Sua rival Fl\u00e1via Arruda teve doa\u00e7\u00e3o de R$ 1,5 milh\u00e3o do seu partido, o PL, <a href=\"https:\/\/blogs.correiobraziliense.com.br\/eixocapital\/2022\/08\/25\/mdb-repassa-r-3-milhoes-para-a-campanha-de-ibaneis\/\"><strong>como a coluna mostrou ontem<\/strong><\/a>.<\/p>\n<p><strong>A cara dos candidatos<br \/>\n<\/strong>Quase metade dos candidatos no Distrito Federal \u00e9 empres\u00e1rio ou servidor p\u00fablico. Na primeira categoria, est\u00e3o 22,65%. Na segunda, 22,45%. Advogados representam 13,67%.<\/p>\n","protected":false},"excerpt":{"rendered":"<p>A disputa ao Buriti nunca foi prioridade da dire\u00e7\u00e3o nacional do PSB, que aposta na elei\u00e7\u00e3o de Rodrigo Rollemberg e de Israel Batista \u00e0 C\u00e2mara dos Deputados<\/p>\n","protected":false},"author":9,"featured_media":1905,"comment_status":"open","ping_status":"open","sticky":false,"template":"","format":"standard","meta":{"footnotes":""},"categories":[247],"tags":[503,29,107,53,335,160,19,74],"class_list":["post-1904","post","type-post","status-publish","format-standard","has-post-thumbnail","hentry","category-eixo-capital","tag-damares-alves","tag-eleicoes-2022","tag-flavia-arruda","tag-ibaneis-rocha","tag-keka-bagno","tag-leandro-grass","tag-mpdft","tag-rafael-parente"],"_links":{"self":[{"href":"https:\/\/blogs.correiobraziliense.com.br\/eixocapital\/wp-json\/wp\/v2\/posts\/1904","targetHints":{"allow":["GET"]}}],"collection":[{"href":"https:\/\/blogs.correiobraziliense.com.br\/eixocapital\/wp-json\/wp\/v2\/posts"}],"about":[{"href":"https:\/\/blogs.correiobraziliense.com.br\/eixocapital\/wp-json\/wp\/v2\/types\/post"}],"author":[{"embeddable":true,"href":"https:\/\/blogs.correiobraziliense.com.br\/eixocapital\/wp-json\/wp\/v2\/users\/9"}],"replies":[{"embeddable":true,"href":"https:\/\/blogs.correiobraziliense.com.br\/eixocapital\/wp-json\/wp\/v2\/comments?post=1904"}],"version-history":[{"count":1,"href":"https:\/\/blogs.correiobraziliense.com.br\/eixocapital\/wp-json\/wp\/v2\/posts\/1904\/revisions"}],"predecessor-version":[{"id":1906,"href":"https:\/\/blogs.correiobraziliense.com.br\/eixocapital\/wp-json\/wp\/v2\/posts\/1904\/revisions\/1906"}],"wp:featuredmedia":[{"embeddable":true,"href":"https:\/\/blogs.correiobraziliense.com.br\/eixocapital\/wp-json\/wp\/v2\/media\/1905"}],"wp:attachment":[{"href":"https:\/\/blogs.correiobraziliense.com.br\/eixocapital\/wp-json\/wp\/v2\/media?parent=1904"}],"wp:term":[{"taxonomy":"category","embeddable":true,"href":"https:\/\/blogs.correiobraziliense.com.br\/eixocapital\/wp-json\/wp\/v2\/categories?post=1904"},{"taxonomy":"post_tag","embeddable":true,"href":"https:\/\/blogs.correiobraziliense.com.br\/eixocapital\/wp-json\/wp\/v2\/tags?post=1904"}],"curies":[{"name":"wp","href":"https:\/\/api.w.org\/{rel}","templated":true}]}}