{"id":1896,"date":"2022-08-24T07:22:37","date_gmt":"2022-08-24T10:22:37","guid":{"rendered":"https:\/\/blogs.correiobraziliense.com.br\/eixocapital\/?p=1896"},"modified":"2022-08-24T07:46:36","modified_gmt":"2022-08-24T10:46:36","slug":"ibaneis-quer-tirar-paulooctavio-da-disputa-eleitoral","status":"publish","type":"post","link":"https:\/\/blogs.correiobraziliense.com.br\/eixocapital\/2022\/08\/24\/ibaneis-quer-tirar-paulooctavio-da-disputa-eleitoral\/","title":{"rendered":"Ibaneis quer tirar Paulo Oct\u00e1vio da disputa eleitoral"},"content":{"rendered":"<p><strong>Coluna Eixo Capital, por Ana Maria Campos<\/strong><\/p>\n<p>Esquentou o embate entre o governador Ibaneis Rocha (MDB) e o empres\u00e1rio Paulo Oct\u00e1vio (PSD), ontem, no dia em que foi <a href=\"https:\/\/www.correiobraziliense.com.br\/cidades-df\/2022\/08\/5031320-ibaneis-rocha-lidera-corrida-ao-gdf-com-38-paulo-octavio-tem-11.html\"><strong>publicada a pesquisa Correio\/Opini\u00e3o<\/strong><\/a>. A consulta mostrou que Ibaneis est\u00e1 na lideran\u00e7a da disputa com 38,6%, mas a entrada de Paulo Oct\u00e1vio no confronto come\u00e7a a amea\u00e7ar a decis\u00e3o da elei\u00e7\u00e3o no primeiro turno. Com duas semanas de campanha, ele est\u00e1 com 11,2%. A coliga\u00e7\u00e3o Unidos pelo DF (MDB, PP, PL, Agir, Solidariedade, Avante, Pros), liderada por Ibaneis, apresentou ao Tribunal Regional Eleitoral (TRE-DF) a impugna\u00e7\u00e3o contra a candidatura de Paulo Oct\u00e1vio. O argumento \u00e9 de que o candidato do PSD deveria ter se desincompatibilizado do cargo de alto executivo para concorrer ao Pal\u00e1cio do Buriti, uma vez que seu grupo empresarial tem contratos com o governo, de obras e loca\u00e7\u00e3o de im\u00f3veis. Tamb\u00e9m aponta que houve condena\u00e7\u00e3o por ato de improbidade suspensa por acordo com a Justi\u00e7a. A impugna\u00e7\u00e3o ser\u00e1 julgada pelo TRE-DF. A assessoria de Paulo Oct\u00e1vio rebateu o advers\u00e1rio: &#8220;\u00c9 uma representa\u00e7\u00e3o que n\u00e3o vai prosperar, posto que suas bases s\u00e3o fr\u00e1geis e n\u00e3o correspondem com a verdade. Esse tipo de a\u00e7\u00e3o s\u00f3 serve para alimentar especula\u00e7\u00f5es, em vez de fomentar a troca de ideias. E mostra certo desespero dos impetrantes, sabe-se l\u00e1 o porqu\u00ea&#8221;.<\/p>\n<h3>No p\u00e1reo<\/h3>\n<p>A equipe de campanha do senador Izalci Lucas (PSDB) considerou positivo o resultado da pesquisa Correio\/Opini\u00e3o, divulgada ontem. Com 5,2% das inten\u00e7\u00f5es de votos, ele est\u00e1 pr\u00f3ximo de Leila Barros (PDT) que tem 8,1%, e de Leandro Grass (PV) com 5,6%, considerando a margem de erro que \u00e9 de 2,9 pontos percentuais. Ou seja, a avalia\u00e7\u00e3o \u00e9 de que o jogo est\u00e1 embolado como tamb\u00e9m mostrou a pesquisa da Globo\/IPEC. Al\u00e9m disso, o potencial de voto e crescimento de Izalci \u00e9 de 35,9%, atr\u00e1s de Leila (47,6%), mas na frente de Grass (23,6%). A aposta da campanha tucana \u00e9 de que Izalci est\u00e1 no p\u00e1reo com Leila, Grass e Paulo Oct\u00e1vio para chegar ao segundo turno.<\/p>\n<p><strong>Nova elei\u00e7\u00e3o<br \/>\n<\/strong>Na avalia\u00e7\u00e3o da equipe de campanha de Leandro Grass (PV), da federa\u00e7\u00e3o PT-PV-PCdoB, o candidato est\u00e1 crescendo e, ao se tornar conhecido com a identidade com Lula, poder\u00e1 chegar ao segundo turno. Nas quatro semanas seguintes, na polariza\u00e7\u00e3o com o governador Ibaneis Rocha (MDB), ser\u00e1 uma nova elei\u00e7\u00e3o.<\/p>\n<p><strong>Caminho a desbravar<br \/>\n<\/strong>Pesquisa Correio\/Opini\u00e3o, divulgada ontem, mostra que a candidata Keka Bagno (PSol), da federa\u00e7\u00e3o PSol-Rede, tem um longo caminho para desbravar. Entre os entrevistados, apenas 2% disseram que a conhecem bem. Outros 3,6% conhecem mais ou menos. Talvez por esse motivo a participa\u00e7\u00e3o da assistente social em debates tem surpreendido eleitores pelo conte\u00fado e eloqu\u00eancia.<\/p>\n<p><strong>Pronta para a guerra<br \/>\n<\/strong>Na campanha de Fl\u00e1via Arruda (PL-DF), h\u00e1 uma expectativa de que a disputa ser\u00e1 dura com advers\u00e1rios desleais para tentar derrub\u00e1-la da lideran\u00e7a, inclusive com temas envolvendo a vida pessoal. <a href=\"https:\/\/www.correiobraziliense.com.br\/cidades-df\/2022\/08\/5031323-correio-opiniao-flavia-arruda-dispara-na-corrida-pelo-senado-com-32.html\"><strong>A deputada federal tem um ter\u00e7o do eleitorado do Distrito Federal<\/strong><\/a>. Pesquisa Correio\/Opini\u00e3o apontou que Fl\u00e1via tem 32%.<\/p>\n<p><strong>Disputa ainda indefinida<br \/>\n<\/strong>Na disputa \u00e0 C\u00e2mara dos Deputados, a pesquisa Correio\/Opini\u00e3o apontou os nomes mais citados pelos entrevistados na consulta espont\u00e2nea: Arruda (PL), \u00c9rika Kokay (PT), Fred Linhares (Republicanos), J\u00falio C\u00e9sar (Republicanos), Rafael Prudente (MDB), Chico Vigilante (PT), Fl\u00e1via Arruda (PL), Bia Kicis (PL) e Roney Nemer (PP). Mas o eleitorado ainda n\u00e3o se decidiu. Entre os entrevistados, 72% est\u00e3o entre os que v\u00e3o votar em branco ou nulo ou est\u00e3o indecisos.<\/p>\n<p><strong>Primeiras-damas ap\u00f3iam Damares<br \/>\n<\/strong>Damares Alves conseguiu reunir no lan\u00e7amento de sua candidatura ao Senado duas primeiras-damas, a do DF, Mayara Noronha, e do Brasil, Michelle Bolsonaro. As tr\u00eas viajaram juntas em maio para Israel, em peregrina\u00e7\u00e3o pela Terra Santa.<\/p>\n<p><strong>Briga continua<br \/>\n<\/strong>Milene Nascimento, integrante do Cidadania, apresentou ao TRE-DF uma <a href=\"https:\/\/www.correiobraziliense.com.br\/cidades-df\/2022\/08\/5031479-coligacao-de-ibaneis-questiona-alianca-do-solidariedade-com-izalci-no-df.html\"><strong>impugna\u00e7\u00e3o contra a candidatura de Izalci Lucas<\/strong><\/a>, da federa\u00e7\u00e3o PSDB-Cidadania. O tema \u00e9 a disputa entre os dois partidos. Ela alega que a candidatura n\u00e3o foi aprovada pela executiva local da federa\u00e7\u00e3o. Esse \u00e9 justamente o tema do embate entre Izalci e a deputada Paula Belmonte, do Cidadania, depois da interven\u00e7\u00e3o nacional para dar o poder para a candidatura tucana.<\/p>\n","protected":false},"excerpt":{"rendered":"<p>O argumento \u00e9 de que o candidato do PSD deveria ter se desincompatibilizado do cargo de alto executivo para concorrer ao Pal\u00e1cio do Buriti<\/p>\n","protected":false},"author":9,"featured_media":1897,"comment_status":"open","ping_status":"open","sticky":false,"template":"","format":"standard","meta":{"footnotes":""},"categories":[247],"tags":[601,29,107,53,60,335,160,181],"class_list":["post-1896","post","type-post","status-publish","format-standard","has-post-thumbnail","hentry","category-eixo-capital","tag-correio-opiniao","tag-eleicoes-2022","tag-flavia-arruda","tag-ibaneis-rocha","tag-izalci-lucas","tag-keka-bagno","tag-leandro-grass","tag-paulo-octavio"],"_links":{"self":[{"href":"https:\/\/blogs.correiobraziliense.com.br\/eixocapital\/wp-json\/wp\/v2\/posts\/1896","targetHints":{"allow":["GET"]}}],"collection":[{"href":"https:\/\/blogs.correiobraziliense.com.br\/eixocapital\/wp-json\/wp\/v2\/posts"}],"about":[{"href":"https:\/\/blogs.correiobraziliense.com.br\/eixocapital\/wp-json\/wp\/v2\/types\/post"}],"author":[{"embeddable":true,"href":"https:\/\/blogs.correiobraziliense.com.br\/eixocapital\/wp-json\/wp\/v2\/users\/9"}],"replies":[{"embeddable":true,"href":"https:\/\/blogs.correiobraziliense.com.br\/eixocapital\/wp-json\/wp\/v2\/comments?post=1896"}],"version-history":[{"count":2,"href":"https:\/\/blogs.correiobraziliense.com.br\/eixocapital\/wp-json\/wp\/v2\/posts\/1896\/revisions"}],"predecessor-version":[{"id":1900,"href":"https:\/\/blogs.correiobraziliense.com.br\/eixocapital\/wp-json\/wp\/v2\/posts\/1896\/revisions\/1900"}],"wp:featuredmedia":[{"embeddable":true,"href":"https:\/\/blogs.correiobraziliense.com.br\/eixocapital\/wp-json\/wp\/v2\/media\/1897"}],"wp:attachment":[{"href":"https:\/\/blogs.correiobraziliense.com.br\/eixocapital\/wp-json\/wp\/v2\/media?parent=1896"}],"wp:term":[{"taxonomy":"category","embeddable":true,"href":"https:\/\/blogs.correiobraziliense.com.br\/eixocapital\/wp-json\/wp\/v2\/categories?post=1896"},{"taxonomy":"post_tag","embeddable":true,"href":"https:\/\/blogs.correiobraziliense.com.br\/eixocapital\/wp-json\/wp\/v2\/tags?post=1896"}],"curies":[{"name":"wp","href":"https:\/\/api.w.org\/{rel}","templated":true}]}}