{"id":1880,"date":"2022-08-20T11:54:03","date_gmt":"2022-08-20T14:54:03","guid":{"rendered":"https:\/\/blogs.correiobraziliense.com.br\/eixocapital\/?p=1880"},"modified":"2022-08-20T11:54:17","modified_gmt":"2022-08-20T14:54:17","slug":"corregedor-regional-eleitoral-do-df-rebate-discurso-de-alexandre-de-moraes-e-pede-aposentadoria","status":"publish","type":"post","link":"https:\/\/blogs.correiobraziliense.com.br\/eixocapital\/2022\/08\/20\/corregedor-regional-eleitoral-do-df-rebate-discurso-de-alexandre-de-moraes-e-pede-aposentadoria\/","title":{"rendered":"Corregedor regional eleitoral do DF rebate discurso de Alexandre de Moraes e pede aposentadoria"},"content":{"rendered":"<p><strong>Coluna Eixo Capital, por Ana Maria Campos<\/strong><\/p>\n<p>Vice-presidente do TRE-DF e corregedor da Justi\u00e7a Eleitoral, o desembargador Sebasti\u00e3o Coelho anunciou ontem (19\/8) a aposentadoria. Ele assumiu o cargo em abril, mas disse que n\u00e3o poderia continuar por discordar da conduta do STF.<\/p>\n<p>&#8220;H\u00e1 muito tempo, n\u00e3o estou feliz com o Supremo Tribunal Federal. Ent\u00e3o, quem n\u00e3o est\u00e1 feliz no \u00f3rg\u00e3o n\u00e3o pode continuar&#8221;, afirmou. E acrescentou: &#8220;Como corregedor regional eleitoral, estive na posse do eminente ministro Alexandre de Moraes na ter\u00e7a-feira passada e esperava sinceramente que o eminente ministro aproveitasse a presen\u00e7a dos principais candidatos e dos ex-presidentes da Rep\u00fablica e do presidente da Rep\u00fablica para fazer uma conclama\u00e7\u00e3o de paz para a na\u00e7\u00e3o. Mas, ao contr\u00e1rio o que eu vi, a meu sentir, o eminente ministro Alexandre de Moraes fez uma declara\u00e7\u00e3o de guerra ao pa\u00eds. O seu discurso \u00e9 um discurso que inflama, \u00e9 um discurso que n\u00e3o agrega, e eu n\u00e3o quero participar disso&#8221;.<\/p>\n","protected":false},"excerpt":{"rendered":"<p>Vice-presidente do TRE-DF e corregedor da Justi\u00e7a Eleitoral, o desembargador Sebasti\u00e3o Coelho anunciou ontem (19\/8) a aposentadoria<\/p>\n","protected":false},"author":9,"featured_media":1881,"comment_status":"open","ping_status":"open","sticky":false,"template":"","format":"standard","meta":{"footnotes":""},"categories":[247],"tags":[316,111],"class_list":["post-1880","post","type-post","status-publish","format-standard","has-post-thumbnail","hentry","category-eixo-capital","tag-sebastiao-coelho","tag-tre-df"],"_links":{"self":[{"href":"https:\/\/blogs.correiobraziliense.com.br\/eixocapital\/wp-json\/wp\/v2\/posts\/1880","targetHints":{"allow":["GET"]}}],"collection":[{"href":"https:\/\/blogs.correiobraziliense.com.br\/eixocapital\/wp-json\/wp\/v2\/posts"}],"about":[{"href":"https:\/\/blogs.correiobraziliense.com.br\/eixocapital\/wp-json\/wp\/v2\/types\/post"}],"author":[{"embeddable":true,"href":"https:\/\/blogs.correiobraziliense.com.br\/eixocapital\/wp-json\/wp\/v2\/users\/9"}],"replies":[{"embeddable":true,"href":"https:\/\/blogs.correiobraziliense.com.br\/eixocapital\/wp-json\/wp\/v2\/comments?post=1880"}],"version-history":[{"count":1,"href":"https:\/\/blogs.correiobraziliense.com.br\/eixocapital\/wp-json\/wp\/v2\/posts\/1880\/revisions"}],"predecessor-version":[{"id":1882,"href":"https:\/\/blogs.correiobraziliense.com.br\/eixocapital\/wp-json\/wp\/v2\/posts\/1880\/revisions\/1882"}],"wp:featuredmedia":[{"embeddable":true,"href":"https:\/\/blogs.correiobraziliense.com.br\/eixocapital\/wp-json\/wp\/v2\/media\/1881"}],"wp:attachment":[{"href":"https:\/\/blogs.correiobraziliense.com.br\/eixocapital\/wp-json\/wp\/v2\/media?parent=1880"}],"wp:term":[{"taxonomy":"category","embeddable":true,"href":"https:\/\/blogs.correiobraziliense.com.br\/eixocapital\/wp-json\/wp\/v2\/categories?post=1880"},{"taxonomy":"post_tag","embeddable":true,"href":"https:\/\/blogs.correiobraziliense.com.br\/eixocapital\/wp-json\/wp\/v2\/tags?post=1880"}],"curies":[{"name":"wp","href":"https:\/\/api.w.org\/{rel}","templated":true}]}}