{"id":1854,"date":"2022-08-18T07:25:57","date_gmt":"2022-08-18T10:25:57","guid":{"rendered":"https:\/\/blogs.correiobraziliense.com.br\/eixocapital\/?p=1854"},"modified":"2022-08-18T07:25:57","modified_gmt":"2022-08-18T10:25:57","slug":"julgamento-sobre-destino-de-arruda-esta-empatado","status":"publish","type":"post","link":"https:\/\/blogs.correiobraziliense.com.br\/eixocapital\/2022\/08\/18\/julgamento-sobre-destino-de-arruda-esta-empatado\/","title":{"rendered":"Julgamento sobre destino de Arruda est\u00e1 empatado"},"content":{"rendered":"<p><strong>Coluna Eixo Capital, por Ana Maria Campos<\/strong><\/p>\n<p>O ex-governador Jos\u00e9 Roberto Arruda (PL) deve estar acompanhando com apreens\u00e3o a <a href=\"https:\/\/www.correiobraziliense.com.br\/politica\/2022\/08\/5030123-ministros-do-stf-divergem-na-retomada-do-julgamento-da-nova-lei-de-improbidade.html\"><strong>discuss\u00e3o no STF<\/strong><\/a> sobre o alcance da nova lei de improbidade administrativa. O julgamento foi novamente suspenso, ontem, com o placar em 3 X 3. S\u00e3o favor\u00e1veis \u00e0 retroatividade os ministros Andr\u00e9 Mendon\u00e7a, Nunes Marques e Dias Toffoli. S\u00e3o contr\u00e1rios os ministros Alexandre de Moraes, exceto para revoga\u00e7\u00e3o de culpa e s\u00f3 para processos em curso; Edson Fachin e Roberto Barroso. Faltam julgar os ministros Rosa Weber, Carmen L\u00facia, Ricardo Lewandowski, Gilmar Mendes e Luiz Fux.<\/p>\n<p><strong>Palpites<br \/>\n<\/strong>A aposta de advogados que acompanham o assunto \u00e9 de que a retroatividade da nova lei de improbidade administrativa ter\u00e1 o apoio dos ministros Gilmar Mendes e Ricardo Lewandowski. Chegando, assim, a cinco votos. Mas o ministro Luiz Fux deve julgar contra. As ministras Carmen L\u00facia e Rosa Weber ter\u00e3o votos decisivos.<\/p>\n<h3>Disputa de palanques<\/h3>\n<p>O governador Ibaneis Rocha (MDB) escolheu um lado e vai defend\u00ea-lo na campanha. Seu palanque \u00e9 o de Jair Bolsonaro (PL). Paulo Oct\u00e1vio tamb\u00e9m carrega na chapa aliados do presidente. Mas adotar\u00e1 um tom mais neutro, porque aposta que estar\u00e1 no segundo turno e vai precisar do apoio dos partidos e dos candidatos da base de Lula (PT).<\/p>\n<p><strong>Colado<br \/>\n<\/strong>O deputado Leandro Grass, da federa\u00e7\u00e3o PT-PV-PCdoB, ainda n\u00e3o conseguiu colar a sua imagem \u00e0 do ex-presidente Lula. Esse ser\u00e1 um desafio para os estrategistas da campanha. Se Lula lidera as pesquisas, seu candidato tamb\u00e9m deve crescer, avaliam.<\/p>\n<p><strong>Suplente milion\u00e1rio<br \/>\n<\/strong>A deputada Fl\u00e1via Arruda (PL-DF) trocou, na sua supl\u00eancia, o candidato mais rico das elei\u00e7\u00f5es de 2018, o empres\u00e1rio Fernando Marques (PP), pelo terceiro com maior patrim\u00f4nio neste ano, o senador Luiz Pastore (MDB). Marques, que chegou a ser cotado como suplente de Fl\u00e1via, declarou \u00e0 Justi\u00e7a Eleitoral h\u00e1 quatro anos ter patrim\u00f4nio de R$ 667,9 milh\u00f5es. Pastore, por sua vez, registrou R$ 453,5 milh\u00f5es.<\/p>\n<p><strong>Lista dos milion\u00e1rios<br \/>\n<\/strong>Entre os 50 candidatos mais ricos, segundo declara\u00e7\u00f5es de bens, nesta elei\u00e7\u00e3o, sete s\u00e3o do Distrito Federal, a come\u00e7ar pelo segundo e pelo terceiro no ranking, respectivamente, o empres\u00e1rio Paulo Oct\u00e1vio (PSD), que concorre ao governo, com R$ 618.868.229,48; e Luiz Pastore (MDB), suplente de Fl\u00e1via Arruda (PL), com R$ 453.595.515,70. O 17\u00b0 nessa lista \u00e9 o deputado distrital Jos\u00e9 Gomes (PP), na disputa a deputado federal. O governador Ibaneis Rocha (MDB), que concorre \u00e0 reelei\u00e7\u00e3o, \u00e9 o 29\u00b0, com um patrim\u00f4nio de R$ 79.808.818,88, seguido pela advogada Adriana Mangabeira Wanderley (PSD) que declarou R$ 77.064.788,49. Em 32\u00b0, vem o advogado Luiz Felipe Belmonte (PSC), vice de Paulo Oct\u00e1vio, com R$ 72.711.993,14. Em 35\u00b0 est\u00e1 o advogado Paulo Roque (Novo), que concorre a deputado federal, com patrim\u00f4nio de R$ 65.291.195,10.<\/p>\n<p><strong>Apostas<br \/>\n<\/strong>Nesta elei\u00e7\u00e3o, Fernando Marques n\u00e3o ser\u00e1 candidato. Ele aposta na candidatura a deputado federal do ex-governador Rog\u00e9rio Rosso e de sua mulher, a advogada Samantha Meyer. Na vis\u00e3o de Marques, h\u00e1 um amplo espa\u00e7o a ser conquistado no voto feminino, que, neste pleito, n\u00e3o contar\u00e1 com Celina Le\u00e3o (PP) e Fl\u00e1via Arruda (PL) para a disputa para a C\u00e2mara Federal. Samantha atuou com Ives Gandra e com o ex-presidente Michel Temer.<\/p>\n<p><strong>Afinados<br \/>\n<\/strong>O presidente do Tribunal Regional Eleitoral (TRE-DF), Roberval Belinati, acompanhou a posse do presidente do Tribunal Superior Eleitoral (TSE), Alexandre de Moraes. A inten\u00e7\u00e3o de Belinati \u00e9 conduzir o processo eleitoral totalmente afinado com a c\u00fapula da Justi\u00e7a. Na posse, Moraes disse que ser\u00e1 firme no combate \u00e0s fake news, tema que Belinati apontou como prioridade quando assumiu o cargo em abril.<\/p>\n<p><strong>Dia de debate<br \/>\n<\/strong>Hoje \u00e9 o dia do<a href=\"https:\/\/www.correiobraziliense.com.br\/cidades-df\/2022\/08\/5030085-correio-promove-debate-com-candidatos-ao-gdf-nesta-quinta-feira.html\"><strong> debate do Correio Braziliense e da TV Bras\u00edlia com os candidatos ao Pal\u00e1cio do Buriti<\/strong><\/a>. Voc\u00ea pode acompanhar tudo pelas redes sociais do <strong>Correio<\/strong> e pela TV Bras\u00edlia, canal 6,1. Ibaneis Rocha (MDB); Izalci Lucas, da federa\u00e7\u00e3o PSDB-Cidadania; Keka Bagno, da federa\u00e7\u00e3o PSol-Rede; Leandro Grass, da federa\u00e7\u00e3o PT-PV-PCdoB; Leila Barros (PSB); Paulo Oct\u00e1vio (PSD); e Rafael Parente (PSB) <a href=\"https:\/\/www.correiobraziliense.com.br\/cidades-df\/2022\/08\/5030018-brasilienses-conhecerao-propostas-de-candidatos-no-debate-do-correio.html\"><strong>v\u00e3o apresentar propostas e debater temas da cidade<\/strong><\/a> e do pa\u00eds. Acompanhe!<\/p>\n<p><strong>S\u00f3 Papos<\/strong><\/p>\n<blockquote><p>&#8220;A ideia \u00e9 que (essas unidades) sejam (administradas) dentro do Iges, exatamente pela facilidade de contrata\u00e7\u00e3o, pela possibilidade que voc\u00ea tem de pagar melhores sal\u00e1rios para especialistas&#8221;<br \/>\nGovernador Ibaneis Rocha (MDB), candidato \u00e0 reelei\u00e7\u00e3o, ao anunciar a constru\u00e7\u00e3o de tr\u00eas novos hospitais \u2014 em S\u00e3o Sebasti\u00e3o, Recanto das Emas e outro no Centro Sul<\/p>\n<p>&#8220;N\u00f3s vamos acabar com o Iges-DF, realocar os mais de 7 mil profissionais para continuar atendendo a popula\u00e7\u00e3o e, aos poucos, reconstruir a sa\u00fade p\u00fablica do DF&#8221;<br \/>\nDeputado distrital Leandro Grass, candidato ao Governo do Distrito Federal pela federa\u00e7\u00e3o PT-PV-PCdoB<\/p><\/blockquote>\n","protected":false},"excerpt":{"rendered":"<p>O ex-governador Jos\u00e9 Roberto Arruda (PL) deve estar acompanhando com apreens\u00e3o a discuss\u00e3o no STF sobre o alcance da nova lei de improbidade administrativa<\/p>\n","protected":false},"author":9,"featured_media":1855,"comment_status":"open","ping_status":"open","sticky":false,"template":"","format":"standard","meta":{"footnotes":""},"categories":[247],"tags":[448,107,53,462,160,163],"class_list":["post-1854","post","type-post","status-publish","format-standard","has-post-thumbnail","hentry","category-eixo-capital","tag-arruda","tag-flavia-arruda","tag-ibaneis-rocha","tag-jose-roberto-arruda","tag-leandro-grass","tag-stf"],"_links":{"self":[{"href":"https:\/\/blogs.correiobraziliense.com.br\/eixocapital\/wp-json\/wp\/v2\/posts\/1854","targetHints":{"allow":["GET"]}}],"collection":[{"href":"https:\/\/blogs.correiobraziliense.com.br\/eixocapital\/wp-json\/wp\/v2\/posts"}],"about":[{"href":"https:\/\/blogs.correiobraziliense.com.br\/eixocapital\/wp-json\/wp\/v2\/types\/post"}],"author":[{"embeddable":true,"href":"https:\/\/blogs.correiobraziliense.com.br\/eixocapital\/wp-json\/wp\/v2\/users\/9"}],"replies":[{"embeddable":true,"href":"https:\/\/blogs.correiobraziliense.com.br\/eixocapital\/wp-json\/wp\/v2\/comments?post=1854"}],"version-history":[{"count":1,"href":"https:\/\/blogs.correiobraziliense.com.br\/eixocapital\/wp-json\/wp\/v2\/posts\/1854\/revisions"}],"predecessor-version":[{"id":1856,"href":"https:\/\/blogs.correiobraziliense.com.br\/eixocapital\/wp-json\/wp\/v2\/posts\/1854\/revisions\/1856"}],"wp:featuredmedia":[{"embeddable":true,"href":"https:\/\/blogs.correiobraziliense.com.br\/eixocapital\/wp-json\/wp\/v2\/media\/1855"}],"wp:attachment":[{"href":"https:\/\/blogs.correiobraziliense.com.br\/eixocapital\/wp-json\/wp\/v2\/media?parent=1854"}],"wp:term":[{"taxonomy":"category","embeddable":true,"href":"https:\/\/blogs.correiobraziliense.com.br\/eixocapital\/wp-json\/wp\/v2\/categories?post=1854"},{"taxonomy":"post_tag","embeddable":true,"href":"https:\/\/blogs.correiobraziliense.com.br\/eixocapital\/wp-json\/wp\/v2\/tags?post=1854"}],"curies":[{"name":"wp","href":"https:\/\/api.w.org\/{rel}","templated":true}]}}