{"id":1844,"date":"2022-08-16T07:26:11","date_gmt":"2022-08-16T10:26:11","guid":{"rendered":"https:\/\/blogs.correiobraziliense.com.br\/eixocapital\/?p=1844"},"modified":"2022-08-16T10:01:16","modified_gmt":"2022-08-16T13:01:16","slug":"pesquisa-delineia-possibilidades-para-um-segundo-turno-no-df","status":"publish","type":"post","link":"https:\/\/blogs.correiobraziliense.com.br\/eixocapital\/2022\/08\/16\/pesquisa-delineia-possibilidades-para-um-segundo-turno-no-df\/","title":{"rendered":"Pesquisa delineia possibilidades para um segundo turno no DF"},"content":{"rendered":"<p><strong>Coluna Eixo Capital, por J\u00e9ssica Eufr\u00e1sio<\/strong><\/p>\n<p>Com o fim do prazo para registro de candidaturas e a divulga\u00e7\u00e3o do levantamento do instituto Intelig\u00eancia em Pesquisa e Consultoria Estrat\u00e9gica (Ipec) \u2014 antigo Ibope \u2014, os concorrentes ao governo do Distrito Federal precisam estudar novas estrat\u00e9gias. <a href=\"https:\/\/www.correiobraziliense.com.br\/cidades-df\/2022\/08\/5029502-ibaneis-lidera-corrida-pelo-gdf-com-38-e-paulo-octavio-marca-9-diz-ipec.html\">Ibaneis Rocha (MDB) apareceu em primeiro lugar<\/a>, com 38% das inten\u00e7\u00f5es de voto. <a href=\"https:\/\/blogs.correiobraziliense.com.br\/cbpoder\/ibaneis-lidera-pesquisa-mas-paulo-octavio-pode-levar-eleicao-para-segundo-turno\/\">Na segunda coloca\u00e7\u00e3o ficou Paulo Oct\u00e1vio (PSD)<\/a>, com 9%. A not\u00edcia animou os apoiadores da chapa do empres\u00e1rio, que anunciou a entrada na disputa h\u00e1 pouco mais de duas semanas. Com 8% na pesquisa, a senadora Leila Barros (PDT) ficou tecnicamente empatada com o ex-senador. Na sequ\u00eancia, figuraram o tucano Izalci Lucas (5%); Leandro Grass (PV), da federa\u00e7\u00e3o PT-PCdoB-PV, com 4%; Rafael Parente (PSB) teve 3%; Keka Bagno (PSol), da federa\u00e7\u00e3o PSol-Rede, registrou 2%; e Lucas Salles (DC), 1%. Os demais postulantes n\u00e3o pontuaram, e o coronel Moreno (PTB) n\u00e3o havia sido lan\u00e7ado \u00e0 \u00e9poca da pesquisa, que ouviu 1,2 mil pessoas, no \u00faltimo fim de semana. A margem de erro \u00e9 de tr\u00eas pontos percentuais para mais ou para menos, e o intervalo de confian\u00e7a, de 95%.<\/p>\n<h3>Coliga\u00e7\u00e3o ganha refor\u00e7o<\/h3>\n<p>Em reuni\u00e3o na manh\u00e3 dessa segunda-feira (15\/8), a executiva provis\u00f3ria do Patriota-DF, presidida por F\u00e1bio Sim\u00e3o, fechou com a coliga\u00e7\u00e3o em torno da candidatura de Paulo Oct\u00e1vio, presidente do PSD-DF. Al\u00e9m das duas legendas, a chapa do empres\u00e1rio sai com apoio do PSC, do advogado Lu\u00eds Felipe Belmonte, postulante a vice, e do Podemos.<\/p>\n<p><strong>Aliados de longa data<br \/>\n<\/strong>A novidade deixa o ex-governador Jos\u00e9 Roberto Arruda (PL), candidato a deputado federal pela chapa de Ibaneis Rocha (MDB), em uma situa\u00e7\u00e3o delicada \u2014 ou, quem sabe, favor\u00e1vel. Arruda e Sim\u00e3o t\u00eam rela\u00e7\u00e3o pr\u00f3xima desde 1989, no governo Joaquim Roriz. Posteriormente, na gest\u00e3o Arruda, Sim\u00e3o atuou como bra\u00e7o-direito do pol\u00edtico, em cargo estrat\u00e9gico e de confian\u00e7a, na chefia de gabinete da Governadoria. Com esse hist\u00f3rico de proximidade, a perman\u00eancia do Patriota na coliga\u00e7\u00e3o de Paulo Oct\u00e1vio pode abrir uma porta de entrada para Arruda atuar pelos bastidores na campanha do empres\u00e1rio, que teve como vice-governador.<\/p>\n<h3><strong>Substitui\u00e7\u00f5es aos 45 do segundo tempo<\/strong><\/h3>\n<p>A candidatura de Leila Barros (PDT) ao Governo do Distrito Federal passou por mudan\u00e7as de \u00faltima hora, nessa segunda-feira (15\/8). Pouco antes do fim das inscri\u00e7\u00f5es, a senadora optou por outra pessoa para seguir como vice na chapa, que continuar\u00e1 puro-sangue. O advogado Guilherme Campelo (PDT) vai disputar no lugar do ex-presidente da C\u00e2mara Legislativa Joe Valle (PDT), direcionado para concorrer ao Senado. At\u00e9 ent\u00e3o, a legenda estava sem postulantes ao cargo na chapa e n\u00e3o apoiava nomes de outros partidos.<\/p>\n<h3><strong>Fim da linha<\/strong><\/h3>\n<p><a href=\"https:\/\/www.correiobraziliense.com.br\/cidades-df\/2022\/08\/5029535-lewandowski-nega-liminar-de-belmonte-e-mantem-izalci-como-candidato-ao-gdf.html\"><strong>Terminou nessa segunda-feira (15\/8) a longa querela no PSDB-Cidadania<\/strong><\/a> em torno de quem concorreria ao governo distrital pela federa\u00e7\u00e3o. A deputada Paula Belmonte (Cidadania-DF) e o partido dela haviam recorrido ao Tribunal Superior Eleitoral (TSE), na tentativa de anular a decis\u00e3o dos dirigentes nacionais da federa\u00e7\u00e3o de lan\u00e7arem Izalci Lucas (PSDB) ao Executivo local. No entanto, o relator da mat\u00e9ria, ministro Ricardo Lewandowski, indeferiu o pedido ontem, o que p\u00f4s fim \u00e0 \u00faltima chance de a parlamentar entrar na disputa neste ano e consolidou o nome do tucano na corrida ao Buriti pela alian\u00e7a. Agora, Paula tende a focar na elei\u00e7\u00e3o do marido, Luiz Felipe Belmonte (PSC), vice na chapa de Paulo Oct\u00e1vio (PSD).<\/p>\n<h3><strong>Menor quantidade de candidatos desde 2006<\/strong><\/h3>\n<p>Deu-se a largada ao per\u00edodo de campanhas em todo o pa\u00eds. O in\u00edcio das elei\u00e7\u00f5es abre caminho para passeatas de pol\u00edticos nas ruas, com\u00edcios, entrega de panfletos e propaganda com os n\u00fameros dos candidatos nas urnas. No Distrito Federal, 851 pessoas se registraram e aguardam julgamento do Tribunal Superior Eleitoral (TSE) para concorrer ao pleito. A quantidade de inscritos \u00e9 a menor desde 2006, quando houve 791 interessados.<\/p>\n<h3><strong>Nomes definidos para as elei\u00e7\u00f5es da Procuradoria-Geral de Justi\u00e7a do DF<\/strong><\/h3>\n<p>Outra elei\u00e7\u00e3o marcada para este ano ocorre no Minist\u00e9rio P\u00fablico do Distrito Federal e Territ\u00f3rios (MPDFT), cujos integrantes escolher\u00e3o o pr\u00f3ximo procurador-geral de Justi\u00e7a do DF. Quatro promotores e uma procuradora de Justi\u00e7a disputar\u00e3o a vaga, em 8 de setembro: Dermeval Farias Gomes Filho, Georges Carlos Fredderico Moreira Seigneur, Maria Rosynete de Oliveira Lima, Ricardo Ant\u00f4nio de Souza e Wagner de Castro Ara\u00fajo. O mandato dura dois anos e come\u00e7a em 9 de dezembro, quando a ocupante do cargo, Fabiana Costa, passar\u00e1 a fun\u00e7\u00e3o para um dos nomes escolhidos da lista tr\u00edplice enviada \u00e0 Procuradoria-Geral da Rep\u00fablica (PGR) e remetida \u00e0 presid\u00eancia da Rep\u00fablica. Dos cinco candidatos, Georges Carlos \u00e9 quem conta com apoio da atual chefe do MPDFT.<\/p>\n","protected":false},"excerpt":{"rendered":"<p>Com a divulga\u00e7\u00e3o do levantamento do Ipec \u2014 antigo Ibope \u2014, os concorrentes ao governo do Distrito Federal precisam estudar novas estrat\u00e9gias<\/p>\n","protected":false},"author":9,"featured_media":1845,"comment_status":"open","ping_status":"open","sticky":false,"template":"","format":"standard","meta":{"footnotes":""},"categories":[247],"tags":[29,6,60,290,19,181,588],"class_list":["post-1844","post","type-post","status-publish","format-standard","has-post-thumbnail","hentry","category-eixo-capital","tag-eleicoes-2022","tag-ibaneis","tag-izalci-lucas","tag-leila-barros","tag-mpdft","tag-paulo-octavio","tag-pesquisa-ipec"],"_links":{"self":[{"href":"https:\/\/blogs.correiobraziliense.com.br\/eixocapital\/wp-json\/wp\/v2\/posts\/1844","targetHints":{"allow":["GET"]}}],"collection":[{"href":"https:\/\/blogs.correiobraziliense.com.br\/eixocapital\/wp-json\/wp\/v2\/posts"}],"about":[{"href":"https:\/\/blogs.correiobraziliense.com.br\/eixocapital\/wp-json\/wp\/v2\/types\/post"}],"author":[{"embeddable":true,"href":"https:\/\/blogs.correiobraziliense.com.br\/eixocapital\/wp-json\/wp\/v2\/users\/9"}],"replies":[{"embeddable":true,"href":"https:\/\/blogs.correiobraziliense.com.br\/eixocapital\/wp-json\/wp\/v2\/comments?post=1844"}],"version-history":[{"count":4,"href":"https:\/\/blogs.correiobraziliense.com.br\/eixocapital\/wp-json\/wp\/v2\/posts\/1844\/revisions"}],"predecessor-version":[{"id":1849,"href":"https:\/\/blogs.correiobraziliense.com.br\/eixocapital\/wp-json\/wp\/v2\/posts\/1844\/revisions\/1849"}],"wp:featuredmedia":[{"embeddable":true,"href":"https:\/\/blogs.correiobraziliense.com.br\/eixocapital\/wp-json\/wp\/v2\/media\/1845"}],"wp:attachment":[{"href":"https:\/\/blogs.correiobraziliense.com.br\/eixocapital\/wp-json\/wp\/v2\/media?parent=1844"}],"wp:term":[{"taxonomy":"category","embeddable":true,"href":"https:\/\/blogs.correiobraziliense.com.br\/eixocapital\/wp-json\/wp\/v2\/categories?post=1844"},{"taxonomy":"post_tag","embeddable":true,"href":"https:\/\/blogs.correiobraziliense.com.br\/eixocapital\/wp-json\/wp\/v2\/tags?post=1844"}],"curies":[{"name":"wp","href":"https:\/\/api.w.org\/{rel}","templated":true}]}}