{"id":1837,"date":"2022-08-15T20:10:56","date_gmt":"2022-08-15T23:10:56","guid":{"rendered":"https:\/\/blogs.correiobraziliense.com.br\/eixocapital\/?p=1837"},"modified":"2022-08-15T20:21:10","modified_gmt":"2022-08-15T23:21:10","slug":"ibaneis-muda-autodeclaracao-de-branco-para-pardo-e-registra-r-15-milhoes-a-menos","status":"publish","type":"post","link":"https:\/\/blogs.correiobraziliense.com.br\/eixocapital\/2022\/08\/15\/ibaneis-muda-autodeclaracao-de-branco-para-pardo-e-registra-r-15-milhoes-a-menos\/","title":{"rendered":"Ibaneis registra R$ 15 milh\u00f5es a menos em bens e muda autodeclara\u00e7\u00e3o de branco para pardo"},"content":{"rendered":"<h4>ANA ISABEL MANSUR<\/h4>\n<p>O governador do Distrito Federal e candidato \u00e0 reelei\u00e7\u00e3o, Ibaneis Rocha (MDB), declarou-se como pardo, na candidatura junto ao Tribunal Superior Eleitoral (TSE). Em 2018, quando disputou as primeiras elei\u00e7\u00f5es, ele havia se registrado como branco. Al\u00e9m disso, o atual chefe do Executivo local informou \u00e0 Justi\u00e7a Eleitoral ter R$ 79,8 milh\u00f5es em bens, R$ 15 milh\u00f5es a menos do que nas elei\u00e7\u00f5es anteriores, quando declarou R$ 94 milh\u00f5es.<\/p>\n<p>Ele \u00e9 o segundo candidato com mais bens declarados, atr\u00e1s apenas do empres\u00e1rio Paulo Oct\u00e1vio, que acumula mais de R$ 618 milh\u00f5es. Em 2006, elei\u00e7\u00e3o mais recente que disputou, quando foi candidato a vice-governador na chapa de Jos\u00e9 Roberto Arruda, o ex-senador havia registrado R$ 323,4 milh\u00f5es na Justi\u00e7a Eleitoral.<\/p>\n<p>\u00c0s 19h desta segunda-feira (15\/8), hor\u00e1rio m\u00e1ximo para protocolar as candidaturas no TSE, outros 10 postulantes \u00e0 vaga de governador do Distrito Federal deram entrada no pedido: coronel Moreno (PTB); Izalci Lucas (PSDB-Cidadania); Keka Bagno (PSol-Rede); Leando Grass (PT-PV-PCdoB); Leila Barros (PDT); Lucas Salles (DC); Rafael Parente (PSB); Renan Arruda (PCO); Robson (PSTU); e Teodoro da Cruz Teo (PCB).<\/p>\n<p>Sete dos 12 se autodeclararam brancos; dois se registraram como pretos \u2014 Keka Bagno e Robson\u00a0\u2014; e tr\u00eas, como pardos: Ibaneis, Renan Arruda e Teodoro da Cruz Teo.<\/p>\n","protected":false},"excerpt":{"rendered":"<p>ANA ISABEL MANSUR O governador do Distrito Federal e candidato \u00e0 reelei\u00e7\u00e3o, Ibaneis Rocha (MDB), declarou-se como pardo, na candidatura junto ao Tribunal Superior Eleitoral (TSE). Em 2018, quando disputou as primeiras elei\u00e7\u00f5es, ele havia se registrado como branco. Al\u00e9m disso, o atual chefe do Executivo local informou \u00e0 Justi\u00e7a Eleitoral ter R$ 79,8 milh\u00f5es em bens, R$ 15 milh\u00f5es [&hellip;]<\/p>\n","protected":false},"author":9,"featured_media":1251,"comment_status":"open","ping_status":"open","sticky":false,"template":"","format":"standard","meta":{"footnotes":""},"categories":[1],"tags":[586,585,29,361,587,414,207],"class_list":["post-1837","post","type-post","status-publish","format-standard","has-post-thumbnail","hentry","category-sem-categoria","tag-autodeclaracao","tag-bens","tag-eleicoes-2022","tag-gdf","tag-justica-eleitoral","tag-palacio-do-buriti","tag-tse"],"_links":{"self":[{"href":"https:\/\/blogs.correiobraziliense.com.br\/eixocapital\/wp-json\/wp\/v2\/posts\/1837","targetHints":{"allow":["GET"]}}],"collection":[{"href":"https:\/\/blogs.correiobraziliense.com.br\/eixocapital\/wp-json\/wp\/v2\/posts"}],"about":[{"href":"https:\/\/blogs.correiobraziliense.com.br\/eixocapital\/wp-json\/wp\/v2\/types\/post"}],"author":[{"embeddable":true,"href":"https:\/\/blogs.correiobraziliense.com.br\/eixocapital\/wp-json\/wp\/v2\/users\/9"}],"replies":[{"embeddable":true,"href":"https:\/\/blogs.correiobraziliense.com.br\/eixocapital\/wp-json\/wp\/v2\/comments?post=1837"}],"version-history":[{"count":6,"href":"https:\/\/blogs.correiobraziliense.com.br\/eixocapital\/wp-json\/wp\/v2\/posts\/1837\/revisions"}],"predecessor-version":[{"id":1843,"href":"https:\/\/blogs.correiobraziliense.com.br\/eixocapital\/wp-json\/wp\/v2\/posts\/1837\/revisions\/1843"}],"wp:featuredmedia":[{"embeddable":true,"href":"https:\/\/blogs.correiobraziliense.com.br\/eixocapital\/wp-json\/wp\/v2\/media\/1251"}],"wp:attachment":[{"href":"https:\/\/blogs.correiobraziliense.com.br\/eixocapital\/wp-json\/wp\/v2\/media?parent=1837"}],"wp:term":[{"taxonomy":"category","embeddable":true,"href":"https:\/\/blogs.correiobraziliense.com.br\/eixocapital\/wp-json\/wp\/v2\/categories?post=1837"},{"taxonomy":"post_tag","embeddable":true,"href":"https:\/\/blogs.correiobraziliense.com.br\/eixocapital\/wp-json\/wp\/v2\/tags?post=1837"}],"curies":[{"name":"wp","href":"https:\/\/api.w.org\/{rel}","templated":true}]}}