{"id":1822,"date":"2022-08-12T07:12:56","date_gmt":"2022-08-12T10:12:56","guid":{"rendered":"https:\/\/blogs.correiobraziliense.com.br\/eixocapital\/?p=1822"},"modified":"2022-08-17T00:21:02","modified_gmt":"2022-08-17T03:21:02","slug":"paco-britto-decide-concorrer-a-camara-legislativa","status":"publish","type":"post","link":"https:\/\/blogs.correiobraziliense.com.br\/eixocapital\/2022\/08\/12\/paco-britto-decide-concorrer-a-camara-legislativa\/","title":{"rendered":"Paco Britto decide concorrer \u00e0 C\u00e2mara Legislativa"},"content":{"rendered":"<p><strong>Coluna Eixo Capital, por J\u00e9ssica Eufr\u00e1sio\u00a0<\/strong><\/p>\n<p>Apesar de ficar de fora da chapa de Ibaneis Rocha (MDB), que disputa a reelei\u00e7\u00e3o, o vice-governador Paco Britto (Avante) n\u00e3o desistiu dos planos pol\u00edticos e escolheu o caminho que seguir\u00e1 em outubro. Vai se lan\u00e7ar \u00e0 C\u00e2mara Legislativa, com aprova\u00e7\u00e3o dos correligion\u00e1rios na conven\u00e7\u00e3o do partido. Agora, aguarda o aval dos demais postulantes da sigla, da qual \u00e9 presidente, para efetivar a candidatura. O prazo termina na segunda-feira.<\/p>\n<p><strong>Plano B<br \/>\n<\/strong>O nome do vice-governador tamb\u00e9m foi cotado para a presid\u00eancia da Companhia de Desenvolvimento Habitacional (Codhab), caso ela se transforme em ag\u00eancia. A continuidade do plano, por\u00e9m, depende da aprova\u00e7\u00e3o do projeto de lei que prev\u00ea a mudan\u00e7a na classifica\u00e7\u00e3o do \u00f3rg\u00e3o antes do fim da gest\u00e3o Ibaneis.<\/p>\n<p>&nbsp;<\/p>\n<h3>Policiais federais repudiam vetos de Bolsonaro \u00e0 LDO<\/h3>\n<p>O clima azedou entre integrantes de mais uma categoria profissional da seguran\u00e7a p\u00fablica e Jair Bolsonaro (PL). A not\u00edcia de que o reajuste e a reestrutura\u00e7\u00e3o de cargos da Pol\u00edcia Federal ficou de fora do Or\u00e7amento desagradou aos servidores, que divulgaram uma nota de rep\u00fadio contra a decis\u00e3o do presidente da Rep\u00fablica de vetar a reserva de recursos para esse fim da Lei de Diretrizes Or\u00e7ament\u00e1rias (LDO) de 2023. A justificativa seria a exist\u00eancia de prioridade para o mesmo dispositivo na proposta original, mas sem distin\u00e7\u00e3o entre as carreiras do Poder Executivo.<\/p>\n<p><strong>&#8220;Decep\u00e7\u00e3o, abandono e indigna\u00e7\u00e3o&#8221;<br \/>\n<\/strong>No texto, a Federa\u00e7\u00e3o Nacional dos Policiais Federais (Fenapef) criticou o descumprimento da promessa, mais uma vez. Os servidores contavam com essa previs\u00e3o desde a publica\u00e7\u00e3o da LDO de 2022, o que n\u00e3o ocorreu. &#8220;Os sentimentos de decep\u00e7\u00e3o, abandono e indigna\u00e7\u00e3o traduzem o estado de esp\u00edrito de toda uma categoria empenhada em prestar o melhor servi\u00e7o para a Seguran\u00e7a P\u00fablica no Brasil. (&#8230;) Seguiremos trabalhando incansavelmente pelo reconhecimento e a devida valoriza\u00e7\u00e3o de uma das institui\u00e7\u00f5es notadamente mais respeitadas do servi\u00e7o p\u00fablico&#8221;, diz a nota de rep\u00fadio.<\/p>\n<p>&nbsp;<\/p>\n<h3><strong>App e site receber\u00e3o den\u00fancias eleitorais<\/strong><\/h3>\n<p>Com o in\u00edcio do per\u00edodo de propaganda eleitoral, na pr\u00f3xima ter\u00e7a-feira, a Justi\u00e7a vai intensificar os trabalhos de acompanhamento das campanhas. Neste ano, o Tribunal Superior Eleitoral (TSE) disponibilizou uma nova vers\u00e3o do canal de den\u00fancia para quem flagrar ilegalidades praticadas por candidatos ou partidos: o Pardal, dispon\u00edvel como aplicativo, para Android e iOS, e formul\u00e1rio digital (<em><a href=\"https:\/\/pardal.tse.jus.br\/pardal-web\/\">pardal.tse.jus.br\/pardal-web<\/a><\/em>).<\/p>\n<p><strong>Interesse coletivo<br \/>\n<\/strong>A Corte atua apenas por demanda; por isso, a participa\u00e7\u00e3o popular ser\u00e1 necess\u00e1ria para a devida fiscaliza\u00e7\u00e3o do processo. O acesso ao Pardal \u00e9 livre e gratuito. O canal ser\u00e1 habilitado na ter\u00e7a-feira, vinculado, tamb\u00e9m, ao Minist\u00e9rio P\u00fablico Eleitoral.<\/p>\n<p>&nbsp;<\/p>\n<h3>S\u00f3 Papos<\/h3>\n<p><em>\u201cA retirada de 40% da Floresta Nacional \u00e9 resultado da omiss\u00e3o e coniv\u00eancia de v\u00e1rios governos com a grilagem de terras p\u00fablicas. O governador Ibaneis esteve na \u00e1rea da Flona na campanha e estimulou as pessoas a invadirem e constru\u00edrem em terras p\u00fablicas de prote\u00e7\u00e3o ambiental\u201d<\/em><\/p>\n<p><strong>Rodrigo Rollemberg,<\/strong> candidato a deputado federal (PSB-DF)<\/p>\n<p><em>\u201c(A aprova\u00e7\u00e3o do PL no Congresso Nacional) \u00e9 uma vit\u00f3ria para estas fam\u00edlias que lutam por moradia e merecem ter mais dignidade, garantia dos seus direitos e acesso a pol\u00edticas p\u00fablicas. Me comprometi com esta pauta, criamos junto com a comunidade esse projeto e, hoje (quarta-feira), \u00e9 um dia muito feliz para todos n\u00f3s\u201d<\/em><\/p>\n<p><strong>Fl\u00e1via Arruda,<\/strong> candidata ao Senado (PL-DF)<\/p>\n","protected":false},"excerpt":{"rendered":"<p>Apesar de ficar de fora da chapa de Ibaneis Rocha (MDB), o vice Paco Britto (Avante) escolheu o caminho que seguir\u00e1 em outubro<\/p>\n","protected":false},"author":9,"featured_media":1825,"comment_status":"open","ping_status":"open","sticky":false,"template":"","format":"standard","meta":{"footnotes":""},"categories":[247],"tags":[29,245,89,186,207],"class_list":["post-1822","post","type-post","status-publish","format-standard","has-post-thumbnail","hentry","category-eixo-capital","tag-eleicoes-2022","tag-ldo","tag-paco-britto","tag-policia-federal","tag-tse"],"_links":{"self":[{"href":"https:\/\/blogs.correiobraziliense.com.br\/eixocapital\/wp-json\/wp\/v2\/posts\/1822","targetHints":{"allow":["GET"]}}],"collection":[{"href":"https:\/\/blogs.correiobraziliense.com.br\/eixocapital\/wp-json\/wp\/v2\/posts"}],"about":[{"href":"https:\/\/blogs.correiobraziliense.com.br\/eixocapital\/wp-json\/wp\/v2\/types\/post"}],"author":[{"embeddable":true,"href":"https:\/\/blogs.correiobraziliense.com.br\/eixocapital\/wp-json\/wp\/v2\/users\/9"}],"replies":[{"embeddable":true,"href":"https:\/\/blogs.correiobraziliense.com.br\/eixocapital\/wp-json\/wp\/v2\/comments?post=1822"}],"version-history":[{"count":5,"href":"https:\/\/blogs.correiobraziliense.com.br\/eixocapital\/wp-json\/wp\/v2\/posts\/1822\/revisions"}],"predecessor-version":[{"id":1850,"href":"https:\/\/blogs.correiobraziliense.com.br\/eixocapital\/wp-json\/wp\/v2\/posts\/1822\/revisions\/1850"}],"wp:featuredmedia":[{"embeddable":true,"href":"https:\/\/blogs.correiobraziliense.com.br\/eixocapital\/wp-json\/wp\/v2\/media\/1825"}],"wp:attachment":[{"href":"https:\/\/blogs.correiobraziliense.com.br\/eixocapital\/wp-json\/wp\/v2\/media?parent=1822"}],"wp:term":[{"taxonomy":"category","embeddable":true,"href":"https:\/\/blogs.correiobraziliense.com.br\/eixocapital\/wp-json\/wp\/v2\/categories?post=1822"},{"taxonomy":"post_tag","embeddable":true,"href":"https:\/\/blogs.correiobraziliense.com.br\/eixocapital\/wp-json\/wp\/v2\/tags?post=1822"}],"curies":[{"name":"wp","href":"https:\/\/api.w.org\/{rel}","templated":true}]}}