{"id":182,"date":"2021-11-02T12:27:04","date_gmt":"2021-11-02T15:27:04","guid":{"rendered":"https:\/\/blogs.correiobraziliense.com.br\/eixocapital\/?p=182"},"modified":"2021-11-02T12:27:04","modified_gmt":"2021-11-02T15:27:04","slug":"moro-anuncia-filiacao-ao-podemos-com-discurso-de-candidato-a-presidencia","status":"publish","type":"post","link":"https:\/\/blogs.correiobraziliense.com.br\/eixocapital\/2021\/11\/02\/moro-anuncia-filiacao-ao-podemos-com-discurso-de-candidato-a-presidencia\/","title":{"rendered":"Moro anuncia filia\u00e7\u00e3o ao Podemos com discurso de candidato \u00e0 Presid\u00eancia"},"content":{"rendered":"<p>Agora \u00e9 oficial. S\u00e9rgio Moro vai entrar para a pol\u00edtica partid\u00e1ria e concorrer nas pr\u00f3ximas elei\u00e7\u00f5es. E, pela mensagem na propaganda em suas redes sociais, ser\u00e1 mesmo \u00e0 Presid\u00eancia da Rep\u00fablica: \u201cJuntos poderemos construir um pa\u00eds justo para todos\u201d.<\/p>\n<p>&nbsp;<\/p>\n<p>O slogan consta do convite da filia\u00e7\u00e3o do ex-juiz da Lava Jato ao Podemos. O ato foi marcado para 10 de novembro, \u00e0s 9h, no Centro de Conven\u00e7\u00f5es Ulisses Guimar\u00e3es, em Bras\u00edlia.<\/p>\n<p>&nbsp;<\/p>\n<p>A filia\u00e7\u00e3o ser\u00e1 transmitida em todas as redes sociais.<\/p>\n<p>&nbsp;<\/p>\n<figure id=\"attachment_183\" aria-describedby=\"caption-attachment-183\" style=\"width: 219px\" class=\"wp-caption alignnone\"><img loading=\"lazy\" decoding=\"async\" class=\"size-medium wp-image-183\" src=\"https:\/\/blogs.correiobraziliense.com.br\/eixocapital\/wp-content\/uploads\/sites\/61\/2021\/11\/61562AB2-261C-499F-A873-533558475FA6-219x300.jpeg\" alt=\"\" width=\"219\" height=\"300\" srcset=\"https:\/\/blogs.correiobraziliense.com.br\/eixocapital\/wp-content\/uploads\/sites\/61\/2021\/11\/61562AB2-261C-499F-A873-533558475FA6-219x300.jpeg 219w, https:\/\/blogs.correiobraziliense.com.br\/eixocapital\/wp-content\/uploads\/sites\/61\/2021\/11\/61562AB2-261C-499F-A873-533558475FA6-768x1053.jpeg 768w, https:\/\/blogs.correiobraziliense.com.br\/eixocapital\/wp-content\/uploads\/sites\/61\/2021\/11\/61562AB2-261C-499F-A873-533558475FA6-747x1024.jpeg 747w, https:\/\/blogs.correiobraziliense.com.br\/eixocapital\/wp-content\/uploads\/sites\/61\/2021\/11\/61562AB2-261C-499F-A873-533558475FA6-800x1096.jpeg 800w, https:\/\/blogs.correiobraziliense.com.br\/eixocapital\/wp-content\/uploads\/sites\/61\/2021\/11\/61562AB2-261C-499F-A873-533558475FA6-550x754.jpeg 550w, https:\/\/blogs.correiobraziliense.com.br\/eixocapital\/wp-content\/uploads\/sites\/61\/2021\/11\/61562AB2-261C-499F-A873-533558475FA6-230x315.jpeg 230w, https:\/\/blogs.correiobraziliense.com.br\/eixocapital\/wp-content\/uploads\/sites\/61\/2021\/11\/61562AB2-261C-499F-A873-533558475FA6.jpeg 1239w\" sizes=\"auto, (max-width: 219px) 100vw, 219px\" \/><figcaption id=\"caption-attachment-183\" class=\"wp-caption-text\">Convite para filia\u00e7\u00e3o de S\u00e9rgio Moro ao Podemos<\/figcaption><\/figure>\n<p>&nbsp;<\/p>\n","protected":false},"excerpt":{"rendered":"<p>Agora \u00e9 oficial. S\u00e9rgio Moro vai entrar para a pol\u00edtica partid\u00e1ria e concorrer nas pr\u00f3ximas elei\u00e7\u00f5es. E, pela mensagem na propaganda em suas redes sociais, ser\u00e1 mesmo \u00e0 Presid\u00eancia da Rep\u00fablica: \u201cJuntos poderemos construir um pa\u00eds justo para todos\u201d. &nbsp; O slogan consta do convite da filia\u00e7\u00e3o do ex-juiz da Lava Jato ao Podemos. O ato foi marcado para 10 [&hellip;]<\/p>\n","protected":false},"author":9,"featured_media":185,"comment_status":"open","ping_status":"open","sticky":false,"template":"","format":"standard","meta":{"footnotes":""},"categories":[1],"tags":[29,58,98,97],"class_list":["post-182","post","type-post","status-publish","format-standard","has-post-thumbnail","hentry","category-sem-categoria","tag-eleicoes-2022","tag-filiacao","tag-podemos","tag-sergio-moro"],"_links":{"self":[{"href":"https:\/\/blogs.correiobraziliense.com.br\/eixocapital\/wp-json\/wp\/v2\/posts\/182","targetHints":{"allow":["GET"]}}],"collection":[{"href":"https:\/\/blogs.correiobraziliense.com.br\/eixocapital\/wp-json\/wp\/v2\/posts"}],"about":[{"href":"https:\/\/blogs.correiobraziliense.com.br\/eixocapital\/wp-json\/wp\/v2\/types\/post"}],"author":[{"embeddable":true,"href":"https:\/\/blogs.correiobraziliense.com.br\/eixocapital\/wp-json\/wp\/v2\/users\/9"}],"replies":[{"embeddable":true,"href":"https:\/\/blogs.correiobraziliense.com.br\/eixocapital\/wp-json\/wp\/v2\/comments?post=182"}],"version-history":[{"count":1,"href":"https:\/\/blogs.correiobraziliense.com.br\/eixocapital\/wp-json\/wp\/v2\/posts\/182\/revisions"}],"predecessor-version":[{"id":184,"href":"https:\/\/blogs.correiobraziliense.com.br\/eixocapital\/wp-json\/wp\/v2\/posts\/182\/revisions\/184"}],"wp:featuredmedia":[{"embeddable":true,"href":"https:\/\/blogs.correiobraziliense.com.br\/eixocapital\/wp-json\/wp\/v2\/media\/185"}],"wp:attachment":[{"href":"https:\/\/blogs.correiobraziliense.com.br\/eixocapital\/wp-json\/wp\/v2\/media?parent=182"}],"wp:term":[{"taxonomy":"category","embeddable":true,"href":"https:\/\/blogs.correiobraziliense.com.br\/eixocapital\/wp-json\/wp\/v2\/categories?post=182"},{"taxonomy":"post_tag","embeddable":true,"href":"https:\/\/blogs.correiobraziliense.com.br\/eixocapital\/wp-json\/wp\/v2\/tags?post=182"}],"curies":[{"name":"wp","href":"https:\/\/api.w.org\/{rel}","templated":true}]}}