{"id":1804,"date":"2022-08-10T07:28:13","date_gmt":"2022-08-10T10:28:13","guid":{"rendered":"https:\/\/blogs.correiobraziliense.com.br\/eixocapital\/?p=1804"},"modified":"2022-08-10T08:49:29","modified_gmt":"2022-08-10T11:49:29","slug":"ha-mulheres-em-7-das-11-chapas-na-disputa-pelo-gdf","status":"publish","type":"post","link":"https:\/\/blogs.correiobraziliense.com.br\/eixocapital\/2022\/08\/10\/ha-mulheres-em-7-das-11-chapas-na-disputa-pelo-gdf\/","title":{"rendered":"H\u00e1 mulheres em 7 das 11 chapas na disputa pelo GDF"},"content":{"rendered":"<p><strong>Coluna Eixo Capital, por Ana Maria Campos<\/strong><\/p>\n<p>Na disputa ao Governo do Distrito Federal, h\u00e1 mulheres em sete das 11 chapas que devem concorrer em outubro. S\u00e3o duas cabe\u00e7as de chapa \u2014 Keka Bagno, da federa\u00e7\u00e3o PSol-Rede, e Leila Barros, do PDT. H\u00e1, tamb\u00e9m, cinco vices: Celina Le\u00e3o (PP), de Ibaneis Rocha (MDB); Olgamir Amancia (PCdoB), de Leandro Grass (PV), da federa\u00e7\u00e3o PT-PV-PCdoB; Jana\u00edna Almeida (PSB), de Rafael Prudente (PSB);\u00a0Beth Cupertino (PRTB) de Izalci Lucas (PSDB); e Suelene Balduino (DC), de Lucas Salles (DV). Elas ainda s\u00e3o minoria, mas est\u00e3o no p\u00e1reo. A escolha dos partidos e candidatos para as vices foi proposital. Muitas mulheres querem votar em mulheres. A presen\u00e7a delas na campanha pode ser fundamental. Quem n\u00e3o tem uma aliada diretamente na chapa deve buscar o apoio feminino de candidatas ou correligion\u00e1rias para a campanha. Na disputa nacional, as chapas que est\u00e3o na frente e polarizadas, de Lula (PT) e Bolsonaro (PL), s\u00e3o totalmente masculinas. Por isso, eles t\u00eam apresentado as mulheres, Janja da Silva e Michelle Bolsonaro, nos palanques, como participa\u00e7\u00e3o especial.<\/p>\n<p><strong>Debate na UnB<br \/>\n<\/strong>Hoje tem debate na UnB com os candidatos ao Governo do DF, mas s\u00f3 tr\u00eas confirmaram participa\u00e7\u00e3o: Keka Bagno (PSol), Rafael Parente (PSB) e Leandro Grass (PV).<\/p>\n<p><strong>Dia do advogado<br \/>\n<\/strong>O governador Ibaneis Rocha (MDB) foi convidado para o almo\u00e7o do Sindicato dos Procuradores do DF, amanh\u00e3, no dia do advogado. Ser\u00e1 lan\u00e7ado, tamb\u00e9m, o livro sobre os 60 anos da Procuradoria-Geral do Distrito Federal, evento adiado por causa<br \/>\nda pandemia.<\/p>\n<p><strong>Apoio no Podemos<br \/>\n<\/strong>Na volta ao Senado, ontem, depois da decep\u00e7\u00e3o do fim de semana com a candidatura, o senador pelo DF Jos\u00e9 Ant\u00f4nio Reguffe (sem partido) recebeu muitas manifesta\u00e7\u00f5es de solidariedade. Entre os senadores que prestaram homenagem, dois s\u00e3o do Podemos: Eduardo Gir\u00e3o (CE) e Styvenson Valentim (RN). Ambos disseram que Reguffe \u00e9 um exemplo na pol\u00edtica. Sinal de que ele teria mais apoio no Podemos, onde chegou a ser convidado pela presidente nacional da sigla, Renata Abreu, para disputar a Presid\u00eancia da Rep\u00fablica.<\/p>\n<p><strong>Agora \u00e9 oficial<br \/>\n<\/strong>Reguffe enviou, ontem, \u00e0 Secretaria-Geral do Senado a carta de desfilia\u00e7\u00e3o do Uni\u00e3o Brasil.<\/p>\n<p><strong>C\u00e2mara mant\u00e9m autoriza\u00e7\u00e3o para aux\u00edlio-moradia da PCDF<br \/>\n<\/strong>A C\u00e2mara Legislativa (CLDF) derrubou o veto do governador Ibaneis Rocha (MDB) \u00e0 emenda da Lei de Diretrizes Or\u00e7ament\u00e1ria (LDO) de 2023 que permite a cria\u00e7\u00e3o do aux\u00edlio-moradia e o sobreaviso indenizado para os policiais civis do DF. A LDO havia sido aprovada em 29 de junho pelos deputados distritais, autorizando os benef\u00edcios previstos aos servidores das carreiras da Pol\u00edcia Civil (PCDF). Ao sancionar a lei, no entanto, o governo local vetou os itens. Como a decis\u00e3o final \u00e9 do Legislativo, os parlamentares votaram por manter o dispositivo como aprovado pela Casa. Os diretores do Sindicato dos Policiais Civis do Distrito Federal (Sinpol-DF) estiveram no plen\u00e1rio e acompanharam toda a vota\u00e7\u00e3o. A emenda \u00e9 de autoria do presidente da CLDF, Rafael Prudente (MDB).<\/p>\n<p><strong>Acordo para receber precat\u00f3rios j\u00e1<br \/>\n<\/strong>Encerra nesta sexta-feira o prazo para aderir \u00e0 8\u00aa Rodada de Acordo Direto para pagamento de precat\u00f3rios alimentares e comuns em que o Distrito Federal ou qualquer de suas autarquias ou funda\u00e7\u00f5es figurem como devedores. As tratativas s\u00e3o conduzidas pela Procuradoria-Geral do DF. A rodada contempla exclusivamente os precat\u00f3rios decorrentes de processos do Tribunal de Justi\u00e7a do Distrito Federal e dos Territ\u00f3rios (TJDFT). O montante destinado para pagamento dos t\u00edtulos \u00e9 de R$ 250 milh\u00f5es. At\u00e9 o momento, mais de 500 titulares aderiram ao acordo. O credor recebe o pagamento de forma antecipada, mediante des\u00e1gio de 40% sobre o valor atualizado. O Imposto de Renda e a Previd\u00eancia Social, quando incidentes, ser\u00e3o deduzidos do valor final.<\/p>\n","protected":false},"excerpt":{"rendered":"<p>Na disputa ao GDF, h\u00e1 mulheres em sete das 11 chapas que devem concorrer em outubro. S\u00e3o duas cabe\u00e7as de chapa e quatro vices<\/p>\n","protected":false},"author":9,"featured_media":1805,"comment_status":"open","ping_status":"open","sticky":false,"template":"","format":"standard","meta":{"footnotes":""},"categories":[247],"tags":[574,70,483,29,270,194,32],"class_list":["post-1804","post","type-post","status-publish","format-standard","has-post-thumbnail","hentry","category-eixo-capital","tag-auxilio-moradia","tag-camara-legislativa","tag-debate","tag-eleicoes-2022","tag-pcdf","tag-reguffe","tag-uniao-brasil"],"_links":{"self":[{"href":"https:\/\/blogs.correiobraziliense.com.br\/eixocapital\/wp-json\/wp\/v2\/posts\/1804","targetHints":{"allow":["GET"]}}],"collection":[{"href":"https:\/\/blogs.correiobraziliense.com.br\/eixocapital\/wp-json\/wp\/v2\/posts"}],"about":[{"href":"https:\/\/blogs.correiobraziliense.com.br\/eixocapital\/wp-json\/wp\/v2\/types\/post"}],"author":[{"embeddable":true,"href":"https:\/\/blogs.correiobraziliense.com.br\/eixocapital\/wp-json\/wp\/v2\/users\/9"}],"replies":[{"embeddable":true,"href":"https:\/\/blogs.correiobraziliense.com.br\/eixocapital\/wp-json\/wp\/v2\/comments?post=1804"}],"version-history":[{"count":2,"href":"https:\/\/blogs.correiobraziliense.com.br\/eixocapital\/wp-json\/wp\/v2\/posts\/1804\/revisions"}],"predecessor-version":[{"id":1807,"href":"https:\/\/blogs.correiobraziliense.com.br\/eixocapital\/wp-json\/wp\/v2\/posts\/1804\/revisions\/1807"}],"wp:featuredmedia":[{"embeddable":true,"href":"https:\/\/blogs.correiobraziliense.com.br\/eixocapital\/wp-json\/wp\/v2\/media\/1805"}],"wp:attachment":[{"href":"https:\/\/blogs.correiobraziliense.com.br\/eixocapital\/wp-json\/wp\/v2\/media?parent=1804"}],"wp:term":[{"taxonomy":"category","embeddable":true,"href":"https:\/\/blogs.correiobraziliense.com.br\/eixocapital\/wp-json\/wp\/v2\/categories?post=1804"},{"taxonomy":"post_tag","embeddable":true,"href":"https:\/\/blogs.correiobraziliense.com.br\/eixocapital\/wp-json\/wp\/v2\/tags?post=1804"}],"curies":[{"name":"wp","href":"https:\/\/api.w.org\/{rel}","templated":true}]}}