{"id":1798,"date":"2022-08-09T07:14:51","date_gmt":"2022-08-09T10:14:51","guid":{"rendered":"https:\/\/blogs.correiobraziliense.com.br\/eixocapital\/?p=1798"},"modified":"2022-08-09T07:14:51","modified_gmt":"2022-08-09T10:14:51","slug":"rogerio-rosso-decide-concorrer-a-deputado-federal","status":"publish","type":"post","link":"https:\/\/blogs.correiobraziliense.com.br\/eixocapital\/2022\/08\/09\/rogerio-rosso-decide-concorrer-a-deputado-federal\/","title":{"rendered":"Rog\u00e9rio Rosso decide concorrer a deputado federal"},"content":{"rendered":"<p><strong>Coluna Bras\u00edlia-DF, por Ana Maria Campos<\/strong><\/p>\n<p>O ex-governador e ex-deputado Rog\u00e9rio Rosso (PP) decidiu concorrer a um mandato de deputado federal, em outubro. Ele passou os \u00faltimos tr\u00eas anos e meio como diretor de Assuntos Internacionais da Uni\u00e3o Qu\u00edmica e, agora, volta para a pol\u00edtica para disputar a vaga com outros ex-chefes do Poder Executivo, como Jos\u00e9 Roberto Arruda (PL), Rodrigo Rollemberg (PSB) e Agnelo Queiroz (PT).<\/p>\n<h3>Celebrando Caetano<\/h3>\n<p>&#8220;Gente \u00e9 pra brilhar, e n\u00e3o pra morrer de fome.&#8221; A frase da m\u00fasica de Caetano Veloso foi citada pela candidata Keka Bagno, da federa\u00e7\u00e3o PSol-Rede, no primeiro debate das elei\u00e7\u00f5es, no dia do anivers\u00e1rio de 80 anos do cantor.<\/p>\n<p><strong>Quem s\u00e3o?<br \/>\n<\/strong>Depois do debate, Keka Bagno e Rafael Parente foram os nomes mais pesquisados no Google. S\u00e3o ainda desconhecidos que come\u00e7am a se apresentar ao eleitor.<\/p>\n<p><strong>Torcida<br \/>\n<\/strong>A milit\u00e2ncia da federa\u00e7\u00e3o PT-PV-PCdoB assistiu <a href=\"https:\/\/www.correiobraziliense.com.br\/cidades-df\/2022\/08\/5027614-primeiro-debate-ao-gdf-e-marcado-por-criticas-a-ibaneis.html\"><strong>ao debate da Band de domingo<\/strong><\/a> em clima de Copa do Mundo, com direito a apito e vuvuzela. O grupo se reuniu no Bar do Mendes, na 410 Norte, e acompanhou o programa em um tel\u00e3o instalado pelo pr\u00f3prio bar. As rea\u00e7\u00f5es foram acaloradas, com muitas vaias \u2014 principalmente quando Ibaneis Rocha (MDB) falava sobre seu governo ou citava Jair Bolsonaro (PL)\u2014 e gritos de apoio a Leandro Grass.<\/p>\n<p><strong>Coordena\u00e7\u00e3o da sa\u00fade<br \/>\n<\/strong>O deputado distrital Jorge Vianna (PSD) foi convidado, ontem, por Paulo Oct\u00e1vio (PSD) para assumir a coordena\u00e7\u00e3o de sa\u00fade da campanha dele ao GDF. Vianna topou. Ele \u00e9 t\u00e9cnico em enfermagem e trabalhou no Samu. Por isso, vai usar na urna o n\u00famero do servi\u00e7o: 192.<\/p>\n","protected":false},"excerpt":{"rendered":"<p>Oex-deputado Rog\u00e9rio Rosso (PP) decidiu concorrer a um mandato de deputado federal. Ele passou os \u00faltimos tr\u00eas anos e meio como diretor da Uni\u00e3o Qu\u00edmica<\/p>\n","protected":false},"author":9,"featured_media":1799,"comment_status":"open","ping_status":"open","sticky":false,"template":"","format":"standard","meta":{"footnotes":""},"categories":[247],"tags":[29,335,160,181,74,257],"class_list":["post-1798","post","type-post","status-publish","format-standard","has-post-thumbnail","hentry","category-eixo-capital","tag-eleicoes-2022","tag-keka-bagno","tag-leandro-grass","tag-paulo-octavio","tag-rafael-parente","tag-rogerio-rosso"],"_links":{"self":[{"href":"https:\/\/blogs.correiobraziliense.com.br\/eixocapital\/wp-json\/wp\/v2\/posts\/1798","targetHints":{"allow":["GET"]}}],"collection":[{"href":"https:\/\/blogs.correiobraziliense.com.br\/eixocapital\/wp-json\/wp\/v2\/posts"}],"about":[{"href":"https:\/\/blogs.correiobraziliense.com.br\/eixocapital\/wp-json\/wp\/v2\/types\/post"}],"author":[{"embeddable":true,"href":"https:\/\/blogs.correiobraziliense.com.br\/eixocapital\/wp-json\/wp\/v2\/users\/9"}],"replies":[{"embeddable":true,"href":"https:\/\/blogs.correiobraziliense.com.br\/eixocapital\/wp-json\/wp\/v2\/comments?post=1798"}],"version-history":[{"count":1,"href":"https:\/\/blogs.correiobraziliense.com.br\/eixocapital\/wp-json\/wp\/v2\/posts\/1798\/revisions"}],"predecessor-version":[{"id":1800,"href":"https:\/\/blogs.correiobraziliense.com.br\/eixocapital\/wp-json\/wp\/v2\/posts\/1798\/revisions\/1800"}],"wp:featuredmedia":[{"embeddable":true,"href":"https:\/\/blogs.correiobraziliense.com.br\/eixocapital\/wp-json\/wp\/v2\/media\/1799"}],"wp:attachment":[{"href":"https:\/\/blogs.correiobraziliense.com.br\/eixocapital\/wp-json\/wp\/v2\/media?parent=1798"}],"wp:term":[{"taxonomy":"category","embeddable":true,"href":"https:\/\/blogs.correiobraziliense.com.br\/eixocapital\/wp-json\/wp\/v2\/categories?post=1798"},{"taxonomy":"post_tag","embeddable":true,"href":"https:\/\/blogs.correiobraziliense.com.br\/eixocapital\/wp-json\/wp\/v2\/tags?post=1798"}],"curies":[{"name":"wp","href":"https:\/\/api.w.org\/{rel}","templated":true}]}}