{"id":1781,"date":"2022-08-03T07:31:55","date_gmt":"2022-08-03T10:31:55","guid":{"rendered":"https:\/\/blogs.correiobraziliense.com.br\/eixocapital\/?p=1781"},"modified":"2022-08-03T07:31:55","modified_gmt":"2022-08-03T10:31:55","slug":"julia-lucy-voto-no-candidato-com-condicoes-de-derrotar-o-ex-presidiario-lula","status":"publish","type":"post","link":"https:\/\/blogs.correiobraziliense.com.br\/eixocapital\/2022\/08\/03\/julia-lucy-voto-no-candidato-com-condicoes-de-derrotar-o-ex-presidiario-lula\/","title":{"rendered":"J\u00falia Lucy: &#8220;Voto no candidato com condi\u00e7\u00f5es de derrotar o ex-presidi\u00e1rio Lula&#8221;"},"content":{"rendered":"<p><strong>\u00c0 queima-roupa \/\/\u00a0Deputada distrital J\u00falia Lucy (Uni\u00e3o Brasil)<\/strong><\/p>\n<p><strong>por Ana Maria Campos<\/strong><\/p>\n<p><strong>Acredita que Reguffe ser\u00e1 candidato ao governo?<\/strong><br \/>\nO Reguffe \u00e9 candidato ao GDF.<\/p>\n<p><strong>Se ele for, quem deveria ser vice e candidato ao Senado?<\/strong><br \/>\nPara vice, a escolha deve agregar votos. A pessoa j\u00e1 deve ter sido testada nas urnas, deve conhecer a m\u00e1quina. Devemos pensar,\u00a0 preferencialmente, em uma mulher, porque \u00e9 isso que o eleitor quer. Para o Senado, algu\u00e9m que comunique a renova\u00e7\u00e3o e traga partidos aliados. Preferencialmente, j\u00e1 testado tamb\u00e9m.<\/p>\n<p><strong>O que acontecer\u00e1 no Uni\u00e3o Brasil se Reguffe n\u00e3o for candidato?<\/strong><br \/>\nN\u00e3o devo responder pelo partido.<\/p>\n<p><strong>Voc\u00ea vai votar no presidente Bolsonaro?<\/strong><br \/>\nVoto no candidato com condi\u00e7\u00f5es de derrotar o ex-presidi\u00e1rio Lula.<\/p>\n<p><strong>Qual vai ser sua principal bandeira se for eleita deputada federal?<\/strong><br \/>\nSimplifica\u00e7\u00e3o e redu\u00e7\u00e3o de impostos.<\/p>\n","protected":false},"excerpt":{"rendered":"<p>Em entrevista, a pr\u00e9-candidata \u00e0 C\u00e2mara dos Deputados J\u00falia Lucy (Uni\u00e3o Brasil) diz que combater\u00e1 a elei\u00e7\u00e3o de Lula \u00e0 presid\u00eancia da Rep\u00fablica<\/p>\n","protected":false},"author":9,"featured_media":1782,"comment_status":"open","ping_status":"open","sticky":false,"template":"","format":"standard","meta":{"footnotes":""},"categories":[247],"tags":[29,90,244],"class_list":["post-1781","post","type-post","status-publish","format-standard","has-post-thumbnail","hentry","category-eixo-capital","tag-eleicoes-2022","tag-entrevista","tag-julia-lucy"],"_links":{"self":[{"href":"https:\/\/blogs.correiobraziliense.com.br\/eixocapital\/wp-json\/wp\/v2\/posts\/1781","targetHints":{"allow":["GET"]}}],"collection":[{"href":"https:\/\/blogs.correiobraziliense.com.br\/eixocapital\/wp-json\/wp\/v2\/posts"}],"about":[{"href":"https:\/\/blogs.correiobraziliense.com.br\/eixocapital\/wp-json\/wp\/v2\/types\/post"}],"author":[{"embeddable":true,"href":"https:\/\/blogs.correiobraziliense.com.br\/eixocapital\/wp-json\/wp\/v2\/users\/9"}],"replies":[{"embeddable":true,"href":"https:\/\/blogs.correiobraziliense.com.br\/eixocapital\/wp-json\/wp\/v2\/comments?post=1781"}],"version-history":[{"count":1,"href":"https:\/\/blogs.correiobraziliense.com.br\/eixocapital\/wp-json\/wp\/v2\/posts\/1781\/revisions"}],"predecessor-version":[{"id":1783,"href":"https:\/\/blogs.correiobraziliense.com.br\/eixocapital\/wp-json\/wp\/v2\/posts\/1781\/revisions\/1783"}],"wp:featuredmedia":[{"embeddable":true,"href":"https:\/\/blogs.correiobraziliense.com.br\/eixocapital\/wp-json\/wp\/v2\/media\/1782"}],"wp:attachment":[{"href":"https:\/\/blogs.correiobraziliense.com.br\/eixocapital\/wp-json\/wp\/v2\/media?parent=1781"}],"wp:term":[{"taxonomy":"category","embeddable":true,"href":"https:\/\/blogs.correiobraziliense.com.br\/eixocapital\/wp-json\/wp\/v2\/categories?post=1781"},{"taxonomy":"post_tag","embeddable":true,"href":"https:\/\/blogs.correiobraziliense.com.br\/eixocapital\/wp-json\/wp\/v2\/tags?post=1781"}],"curies":[{"name":"wp","href":"https:\/\/api.w.org\/{rel}","templated":true}]}}