{"id":1779,"date":"2022-08-03T07:21:55","date_gmt":"2022-08-03T10:21:55","guid":{"rendered":"https:\/\/blogs.correiobraziliense.com.br\/eixocapital\/?p=1779"},"modified":"2022-08-03T09:32:34","modified_gmt":"2022-08-03T12:32:34","slug":"ibaneis-entrega-secretaria-para-cuidar-do-entorno-ao-nova-aliado-solidariedade","status":"publish","type":"post","link":"https:\/\/blogs.correiobraziliense.com.br\/eixocapital\/2022\/08\/03\/ibaneis-entrega-secretaria-para-cuidar-do-entorno-ao-nova-aliado-solidariedade\/","title":{"rendered":"Ibaneis entrega secretaria para cuidar do Entorno ao novo aliado Solidariedade"},"content":{"rendered":"<p><strong>Coluna Eixo Capital, por Ana Maria Campos<\/strong><\/p>\n<p>O governador Ibaneis Rocha (MDB) criou ontem (3\/8), por meio de decreto publicado no Di\u00e1rio Oficial do Distrito Federal, em edi\u00e7\u00e3o extra, a Secretaria de Estado da Regi\u00e3o Metropolitana do Distrito Federal. Na mesma edi\u00e7\u00e3o, Ibaneis nomeou o ex-deputado federal Armando Verg\u00edlio como secret\u00e1rio. Ele \u00e9 presidente estadual do Solidariedade em Goi\u00e1s e pai do atual presidente interino do Solidariedade-DF, Lucas Verg\u00edlio, que \u00e9 deputado federal por Goi\u00e1s. O partido fechou recentemente com a reelei\u00e7\u00e3o de Ibaneis.<\/p>\n<p><strong>Alian\u00e7a com nove siglas<br \/>\n<\/strong>O MDB de Ibaneis Rocha registrou na ata da conven\u00e7\u00e3o do \u00faltimo domingo uma coliga\u00e7\u00e3o ampla com PP, PL, Patriota, Pros, PMN, PTB, Republicanos, Agir e Solidariedade. Mas ainda n\u00e3o fechou totalmente com o Republicanos nem com o PMN, que tem o coronel Moreno, ex-comandante do Bope da Pol\u00edcia Militar, como pr\u00e9-candidato ao Pal\u00e1cio do Buriti.<\/p>\n<h3>Aval nacional<\/h3>\n<p>O presidente do PSD-DF, Paulo Oct\u00e1vio, tem feito v\u00e1rias reuni\u00f5es com lideran\u00e7as e aliados sobre sua <a href=\"https:\/\/blogs.correiobraziliense.com.br\/eixocapital\/2022\/07\/30\/paulo-octavio-anuncia-pre-candidatura-a-governador-do-df\/\"><strong>pr\u00e9-candidatura ao Governo do Distrito Federal<\/strong><\/a>. A todos, t\u00eam dito que est\u00e1 animado. Ele tem o aval do presidente nacional, Gilberto Kassab, para seguir em frente.<\/p>\n<p><strong>Fl\u00e1via escolhe suplentes<br \/>\n<\/strong>Na ata da conven\u00e7\u00e3o dos partidos que apoiam Ibaneis, ficou registrado que os suplentes de Fl\u00e1via Arruda (PL-DF) para o Senado ser\u00e3o escolhidos por ela e poder\u00e3o integrar qualquer partido da coliga\u00e7\u00e3o.<\/p>\n<p><strong>Maioria do Republicanos quer apoiar Ibaneis Rocha<br \/>\n<\/strong>O Republicanos-DF deve acabar na chapa de Ibaneis. Se o presidente da sigla no DF, Wanderley Tavares, submeter a decis\u00e3o \u00e0 executiva regional, a maioria estar\u00e1 com o projeto de reelei\u00e7\u00e3o do governador. Dos nove votos, seis v\u00e3o com Ibaneis, entre os quais: os dos deputados distritais Rodrigo Delmasso e Martins Machado; o do deputado federal Julio Cesar Ribeiro; e o do ex-secret\u00e1rio distrital de Ci\u00eancia e Tecnologia Gilvan M\u00e1ximo. A ex-ministra Damares Alves vai acabar n\u00e3o sendo candidata a nada.<\/p>\n<p><strong>Paco pode assumir cargo em ag\u00eancia habitacional<br \/>\n<\/strong>Na abertura dos trabalhos da C\u00e2mara Legislativa ontem (3\/8),\u00a0 o governador Ibaneis Rocha enviou um projeto que transforma a Companhia de Desenvolvimento Habitacional (Codhab) em Ag\u00eancia de Desenvolvimento Habitacional. A diferen\u00e7a \u00e9 que os gestores t\u00eam mais poder e mandato de quatro anos. Um dos nomes cotados para assumir o comando da nova ag\u00eancia reguladora \u00e9 o vice-governador Paco Britto (Avante), que ficou fora da chapa \u00e0 reelei\u00e7\u00e3o de Ibaneis. Paco diz que a cria\u00e7\u00e3o da ag\u00eancia \u00e9 um avan\u00e7o. &#8220;Dar\u00e1 mais agilidade nas pol\u00edticas habitacionais&#8221;, afirma. Ontem, ele representou Ibaneis Rocha no in\u00edcio do semestre legislativo. &#8220;Sei da import\u00e2ncia deste parlamento para nossa capital e reconhe\u00e7o que cada parlamentar representa aqui a democracia, a vontade popular e a esperan\u00e7a dos brasilienses&#8221;, elogiou.<\/p>\n","protected":false},"excerpt":{"rendered":"<p>O MDB registrou na ata da conven\u00e7\u00e3o do \u00faltimo domingo uma coliga\u00e7\u00e3o ampla com PP, PL, Patriota, Pros, PMN, PTB, Republicanos, Agir e Solidariedade<\/p>\n","protected":false},"author":9,"featured_media":1752,"comment_status":"open","ping_status":"open","sticky":false,"template":"","format":"standard","meta":{"footnotes":""},"categories":[247],"tags":[569,70,29,107,181],"class_list":["post-1779","post","type-post","status-publish","format-standard","has-post-thumbnail","hentry","category-eixo-capital","tag-aliancas","tag-camara-legislativa","tag-eleicoes-2022","tag-flavia-arruda","tag-paulo-octavio"],"_links":{"self":[{"href":"https:\/\/blogs.correiobraziliense.com.br\/eixocapital\/wp-json\/wp\/v2\/posts\/1779","targetHints":{"allow":["GET"]}}],"collection":[{"href":"https:\/\/blogs.correiobraziliense.com.br\/eixocapital\/wp-json\/wp\/v2\/posts"}],"about":[{"href":"https:\/\/blogs.correiobraziliense.com.br\/eixocapital\/wp-json\/wp\/v2\/types\/post"}],"author":[{"embeddable":true,"href":"https:\/\/blogs.correiobraziliense.com.br\/eixocapital\/wp-json\/wp\/v2\/users\/9"}],"replies":[{"embeddable":true,"href":"https:\/\/blogs.correiobraziliense.com.br\/eixocapital\/wp-json\/wp\/v2\/comments?post=1779"}],"version-history":[{"count":2,"href":"https:\/\/blogs.correiobraziliense.com.br\/eixocapital\/wp-json\/wp\/v2\/posts\/1779\/revisions"}],"predecessor-version":[{"id":1785,"href":"https:\/\/blogs.correiobraziliense.com.br\/eixocapital\/wp-json\/wp\/v2\/posts\/1779\/revisions\/1785"}],"wp:featuredmedia":[{"embeddable":true,"href":"https:\/\/blogs.correiobraziliense.com.br\/eixocapital\/wp-json\/wp\/v2\/media\/1752"}],"wp:attachment":[{"href":"https:\/\/blogs.correiobraziliense.com.br\/eixocapital\/wp-json\/wp\/v2\/media?parent=1779"}],"wp:term":[{"taxonomy":"category","embeddable":true,"href":"https:\/\/blogs.correiobraziliense.com.br\/eixocapital\/wp-json\/wp\/v2\/categories?post=1779"},{"taxonomy":"post_tag","embeddable":true,"href":"https:\/\/blogs.correiobraziliense.com.br\/eixocapital\/wp-json\/wp\/v2\/tags?post=1779"}],"curies":[{"name":"wp","href":"https:\/\/api.w.org\/{rel}","templated":true}]}}