{"id":1765,"date":"2022-08-01T18:43:42","date_gmt":"2022-08-01T21:43:42","guid":{"rendered":"https:\/\/blogs.correiobraziliense.com.br\/eixocapital\/?p=1765"},"modified":"2022-08-01T18:54:17","modified_gmt":"2022-08-01T21:54:17","slug":"uniao-brasil-anuncia-convencao-com-reguffe-como-pre-candidato-ao-gdf","status":"publish","type":"post","link":"https:\/\/blogs.correiobraziliense.com.br\/eixocapital\/2022\/08\/01\/uniao-brasil-anuncia-convencao-com-reguffe-como-pre-candidato-ao-gdf\/","title":{"rendered":"Uni\u00e3o Brasil no DF anuncia conven\u00e7\u00e3o, com Reguffe como pr\u00e9-candidato ao Buriti"},"content":{"rendered":"<div id=\":t4\" class=\"Ar Au Ao\">\n<div id=\":t0\" class=\"Am Al editable LW-avf tS-tW tS-tY\" role=\"textbox\">\n<p>J\u00c9SSICA EUFR\u00c1SIO<\/p>\n<p>A pr\u00e9-candidatura de Jos\u00e9 Ant\u00f4nio Reguffe para o Pal\u00e1cio do Buriti se confirmou nesta segunda-feira (1\u00ba\/8), com a divulga\u00e7\u00e3o do convite para a conven\u00e7\u00e3o regional do Uni\u00e3o Brasil, nesta semana.\u00a0Como esperado, o partido anunciou o lan\u00e7amento do senador como postulante ao governo local, mas o nome do vice segue indefinido.<\/p>\n<p>A composi\u00e7\u00e3o da chapa, inclusive com an\u00fancio quem disputar\u00e1 o Senado, est\u00e1 prevista sair no evento regional da legenda, na quinta-feira (4\/8), \u00e0s 18h30, no Clube da Sa\u00fade.<\/p>\n<p>O Uni\u00e3o Brasil segue em tratativas com representantes de outras siglas para tentar ampliar as alian\u00e7as e as chances na disputa dessas elei\u00e7\u00f5es.<\/p>\n<p>A pr\u00e9-candidatura de Reguffe ao Executivo local estava praticamente definida, apesar das idas e vindas no partido. Em meados de julho, o parlamentar disse que <a href=\"https:\/\/blogs.correiobraziliense.com.br\/cbpoder\/reguffe-forcas-ocultas-estao-agindo-no-meu-partido-para-inviabilizar-minha-candidatura-a-governador\/\">&#8220;for\u00e7as ocultas&#8221;<\/a> tentavam inviabilizar a candidatura dele, &#8220;tramando&#8221; para que sa\u00edsse como candidato a deputado.<\/p>\n<p>O senador se negou \u00e0 abrir m\u00e3o dos planos de se tornar governador e amea\u00e7ou deixar a vida pol\u00edtica. Dias depois, Reguffe e o Uni\u00e3o Brasil <a href=\"https:\/\/blogs.correiobraziliense.com.br\/cbpoder\/reguffe-e-dirigentes-do-uniao-brasil-selam-a-paz-em-torno-da-candidatura-ao-governo-do-df\/\">entraram em acordo<\/a>.<\/p>\n<p>Mesmo assim, o parlamentar era <a href=\"https:\/\/blogs.correiobraziliense.com.br\/eixocapital\/2022\/03\/21\/manoel-arruda-reguffe-e-o-plano-a-do-uniao-brasil\/\">a primeira op\u00e7\u00e3o da sigla<\/a> desde antes de ingressar no Uni\u00e3o Brasil.<\/p>\n<p>Sobre os demais integrantes da chapa, o presidente da legenda no Distrito Federal, Manoel Arruda, comentou que todas as op\u00e7\u00f5es precisam passar por avalia\u00e7\u00e3o do senador.<\/p>\n<p>O advogado acrescentou que, apesar de aparecer na pe\u00e7a de divulga\u00e7\u00e3o da conven\u00e7\u00e3o partid\u00e1ria ao lado de Reguffe, n\u00e3o h\u00e1 &#8220;dupla mensagem&#8221; na imagem. O que significa que a vaga para vice continua em aberto.<\/p>\n<p>&nbsp;<\/p>\n<figure id=\"attachment_1768\" aria-describedby=\"caption-attachment-1768\" style=\"width: 240px\" class=\"wp-caption aligncenter\"><img loading=\"lazy\" decoding=\"async\" class=\"size-medium wp-image-1768\" src=\"https:\/\/blogs.correiobraziliense.com.br\/eixocapital\/wp-content\/uploads\/sites\/61\/2022\/08\/image-240x300.png\" alt=\"\" width=\"240\" height=\"300\" srcset=\"https:\/\/blogs.correiobraziliense.com.br\/eixocapital\/wp-content\/uploads\/sites\/61\/2022\/08\/image-240x300.png 240w, https:\/\/blogs.correiobraziliense.com.br\/eixocapital\/wp-content\/uploads\/sites\/61\/2022\/08\/image-768x960.png 768w, https:\/\/blogs.correiobraziliense.com.br\/eixocapital\/wp-content\/uploads\/sites\/61\/2022\/08\/image-819x1024.png 819w, https:\/\/blogs.correiobraziliense.com.br\/eixocapital\/wp-content\/uploads\/sites\/61\/2022\/08\/image-800x1000.png 800w, https:\/\/blogs.correiobraziliense.com.br\/eixocapital\/wp-content\/uploads\/sites\/61\/2022\/08\/image-550x688.png 550w, https:\/\/blogs.correiobraziliense.com.br\/eixocapital\/wp-content\/uploads\/sites\/61\/2022\/08\/image-230x288.png 230w, https:\/\/blogs.correiobraziliense.com.br\/eixocapital\/wp-content\/uploads\/sites\/61\/2022\/08\/image.png 1024w\" sizes=\"auto, (max-width: 240px) 100vw, 240px\" \/><figcaption id=\"caption-attachment-1768\" class=\"wp-caption-text\">UB\/Divulga\u00e7\u00e3o<\/figcaption><\/figure>\n<\/div>\n<\/div>\n","protected":false},"excerpt":{"rendered":"<p>J\u00c9SSICA EUFR\u00c1SIO A pr\u00e9-candidatura de Jos\u00e9 Ant\u00f4nio Reguffe para o Pal\u00e1cio do Buriti se confirmou nesta segunda-feira (1\u00ba\/8), com a divulga\u00e7\u00e3o do convite para a conven\u00e7\u00e3o regional do Uni\u00e3o Brasil, nesta semana.\u00a0Como esperado, o partido anunciou o lan\u00e7amento do senador como postulante ao governo local, mas o nome do vice segue indefinido. A composi\u00e7\u00e3o da chapa, inclusive com an\u00fancio quem [&hellip;]<\/p>\n","protected":false},"author":9,"featured_media":1594,"comment_status":"open","ping_status":"open","sticky":false,"template":"","format":"standard","meta":{"footnotes":""},"categories":[1],"tags":[79,361,136,32],"class_list":["post-1765","post","type-post","status-publish","format-standard","has-post-thumbnail","hentry","category-sem-categoria","tag-eleicoes","tag-gdf","tag-jose-antonio-reguffe","tag-uniao-brasil"],"_links":{"self":[{"href":"https:\/\/blogs.correiobraziliense.com.br\/eixocapital\/wp-json\/wp\/v2\/posts\/1765","targetHints":{"allow":["GET"]}}],"collection":[{"href":"https:\/\/blogs.correiobraziliense.com.br\/eixocapital\/wp-json\/wp\/v2\/posts"}],"about":[{"href":"https:\/\/blogs.correiobraziliense.com.br\/eixocapital\/wp-json\/wp\/v2\/types\/post"}],"author":[{"embeddable":true,"href":"https:\/\/blogs.correiobraziliense.com.br\/eixocapital\/wp-json\/wp\/v2\/users\/9"}],"replies":[{"embeddable":true,"href":"https:\/\/blogs.correiobraziliense.com.br\/eixocapital\/wp-json\/wp\/v2\/comments?post=1765"}],"version-history":[{"count":9,"href":"https:\/\/blogs.correiobraziliense.com.br\/eixocapital\/wp-json\/wp\/v2\/posts\/1765\/revisions"}],"predecessor-version":[{"id":1775,"href":"https:\/\/blogs.correiobraziliense.com.br\/eixocapital\/wp-json\/wp\/v2\/posts\/1765\/revisions\/1775"}],"wp:featuredmedia":[{"embeddable":true,"href":"https:\/\/blogs.correiobraziliense.com.br\/eixocapital\/wp-json\/wp\/v2\/media\/1594"}],"wp:attachment":[{"href":"https:\/\/blogs.correiobraziliense.com.br\/eixocapital\/wp-json\/wp\/v2\/media?parent=1765"}],"wp:term":[{"taxonomy":"category","embeddable":true,"href":"https:\/\/blogs.correiobraziliense.com.br\/eixocapital\/wp-json\/wp\/v2\/categories?post=1765"},{"taxonomy":"post_tag","embeddable":true,"href":"https:\/\/blogs.correiobraziliense.com.br\/eixocapital\/wp-json\/wp\/v2\/tags?post=1765"}],"curies":[{"name":"wp","href":"https:\/\/api.w.org\/{rel}","templated":true}]}}