{"id":1758,"date":"2022-07-30T20:32:14","date_gmt":"2022-07-30T23:32:14","guid":{"rendered":"https:\/\/blogs.correiobraziliense.com.br\/eixocapital\/?p=1758"},"modified":"2022-08-03T21:17:36","modified_gmt":"2022-08-04T00:17:36","slug":"paulo-octavio-anuncia-pre-candidatura-a-governador-do-df","status":"publish","type":"post","link":"https:\/\/blogs.correiobraziliense.com.br\/eixocapital\/2022\/07\/30\/paulo-octavio-anuncia-pre-candidatura-a-governador-do-df\/","title":{"rendered":"Paulo Oct\u00e1vio anuncia pr\u00e9-candidatura a governador do DF"},"content":{"rendered":"<p><img loading=\"lazy\" decoding=\"async\" class=\"size-medium wp-image-1760 aligncenter\" src=\"https:\/\/blogs.correiobraziliense.com.br\/eixocapital\/wp-content\/uploads\/sites\/61\/2022\/07\/290322ea37-7662293-300x200.jpg\" alt=\"\" width=\"300\" height=\"200\" srcset=\"https:\/\/blogs.correiobraziliense.com.br\/eixocapital\/wp-content\/uploads\/sites\/61\/2022\/07\/290322ea37-7662293-300x200.jpg 300w, https:\/\/blogs.correiobraziliense.com.br\/eixocapital\/wp-content\/uploads\/sites\/61\/2022\/07\/290322ea37-7662293-768x512.jpg 768w, https:\/\/blogs.correiobraziliense.com.br\/eixocapital\/wp-content\/uploads\/sites\/61\/2022\/07\/290322ea37-7662293-1024x683.jpg 1024w, https:\/\/blogs.correiobraziliense.com.br\/eixocapital\/wp-content\/uploads\/sites\/61\/2022\/07\/290322ea37-7662293-1440x960.jpg 1440w, https:\/\/blogs.correiobraziliense.com.br\/eixocapital\/wp-content\/uploads\/sites\/61\/2022\/07\/290322ea37-7662293-800x533.jpg 800w, https:\/\/blogs.correiobraziliense.com.br\/eixocapital\/wp-content\/uploads\/sites\/61\/2022\/07\/290322ea37-7662293-550x367.jpg 550w, https:\/\/blogs.correiobraziliense.com.br\/eixocapital\/wp-content\/uploads\/sites\/61\/2022\/07\/290322ea37-7662293-230x153.jpg 230w\" sizes=\"auto, (max-width: 300px) 100vw, 300px\" \/><\/p>\n<p>J\u00c9SSICA EUFR\u00c1SIO<\/p>\n<p>Ainda na fase de conven\u00e7\u00f5es partid\u00e1rias, as elei\u00e7\u00f5es de 2022 ganham novos cap\u00edtulos a cada dia. Depois de ficar de fora da chapa de Ibaneis Rocha (MDB), de quem era aliado, o empres\u00e1rio Paulo Oct\u00e1vio (PSD) anunciou que <a href=\"https:\/\/www.correiobraziliense.com.br\/cidades-df\/2022\/07\/5025129-aliados-querem-paulo-octavio-na-disputa-pelo-governo-do-df.html\">vai disputar a vaga de governador do Distrito Federal<\/a>, em outubro. A decis\u00e3o foi anunciada neste s\u00e1bado (30\/7), mas ser\u00e1 oficializada na sexta-feira (5\/8), na conven\u00e7\u00e3o regional do partido presidido por ele no DF. O evento ser\u00e1 no Bras\u00edlia Palace Hotel, \u00e0s 14h.<\/p>\n<p>A not\u00edcia deve gerar preocupa\u00e7\u00e3o entre os apoiadores da <a href=\"https:\/\/blogs.correiobraziliense.com.br\/cbpoder\/com-chancela-de-bolsonaro-ibaneis-e-arruda-fecham-acordo-em-chapa-unica\/\">chapa de Ibaneis Rocha<\/a>, que ter\u00e1 outro concorrente pela centro-direita. Paulo Oct\u00e1vio chegou a receber incentivo de outros pr\u00e9-candidatos para se tornar postulante ao Pal\u00e1cio do Buriti. No entanto, a decis\u00e3o colocar\u00e1 aliados do atual governador e do empres\u00e1rio em uma situa\u00e7\u00e3o delicada quanto a quem apoiar no primeiro turno, o que pode provocar um racha na base de Ibaneis.<\/p>\n<p>O an\u00fancio ocorreu durante uma feijoada promovida por profissionais da sa\u00fade ao deputado distrital Jorge Vianna (PSD). At\u00e9 ent\u00e3o, Paulo Oct\u00e1vio estava como <a href=\"https:\/\/blogs.correiobraziliense.com.br\/eixocapital\/2022\/06\/26\/paulo-octavio-mira-o-senado-e-busca-apoios\/\">poss\u00edvel candidato ao Senado<\/a>. Chegou a ser cogitado para vice na chapa de Ibaneis, mas perdeu o posto para Celina Le\u00e3o (PP), o que balan\u00e7ou as rela\u00e7\u00f5es entre os dois.<\/p>\n<p>O empres\u00e1rio bateu o martelo sobre a decis\u00e3o neste s\u00e1bado (30\/7). No entanto, com as conven\u00e7\u00f5es partid\u00e1rias em andamento at\u00e9 a pr\u00f3xima sexta-feira (5\/8) e o prazo final para homologa\u00e7\u00e3o das candidaturas junto \u00e0 Justi\u00e7a Eleitoral at\u00e9 15 de agosto, ainda h\u00e1 tempo para novas alian\u00e7as e mudan\u00e7as nas prov\u00e1veis candidaturas.<\/p>\n<p>Ao comentar a defini\u00e7\u00e3o, Paulo Oct\u00e1vio citou como motivos os problemas na \u00e1rea da sa\u00fade, a qual &#8220;precisa de investimento, de valoriza\u00e7\u00e3o do servidor e de estrutura&#8221;. &#8220;Passei um tempo fora da pol\u00edtica, mas, ao ver as dificuldades da popula\u00e7\u00e3o, ao ver que temos 300 mil pessoas desempregadas, ao ver que a sa\u00fade \u00e9 a grande car\u00eancia do nosso povo, n\u00e3o me cabe mais nada sen\u00e3o aceitar o desafio imposto pelo partido e me apresentar como pr\u00e9-candidato a governador do DF&#8221;, declarou.<\/p>\n","protected":false},"excerpt":{"rendered":"<p>J\u00c9SSICA EUFR\u00c1SIO Ainda na fase de conven\u00e7\u00f5es partid\u00e1rias, as elei\u00e7\u00f5es de 2022 ganham novos cap\u00edtulos a cada dia. Depois de ficar de fora da chapa de Ibaneis Rocha (MDB), de quem era aliado, o empres\u00e1rio Paulo Oct\u00e1vio (PSD) anunciou que vai disputar a vaga de governador do Distrito Federal, em outubro. A decis\u00e3o foi anunciada neste s\u00e1bado (30\/7), mas ser\u00e1 [&hellip;]<\/p>\n","protected":false},"author":9,"featured_media":1760,"comment_status":"open","ping_status":"open","sticky":false,"template":"","format":"standard","meta":{"footnotes":""},"categories":[1],"tags":[560,29,361,414,181,28],"class_list":["post-1758","post","type-post","status-publish","format-standard","has-post-thumbnail","hentry","category-sem-categoria","tag-convencoes-partidarias","tag-eleicoes-2022","tag-gdf","tag-palacio-do-buriti","tag-paulo-octavio","tag-psd"],"_links":{"self":[{"href":"https:\/\/blogs.correiobraziliense.com.br\/eixocapital\/wp-json\/wp\/v2\/posts\/1758","targetHints":{"allow":["GET"]}}],"collection":[{"href":"https:\/\/blogs.correiobraziliense.com.br\/eixocapital\/wp-json\/wp\/v2\/posts"}],"about":[{"href":"https:\/\/blogs.correiobraziliense.com.br\/eixocapital\/wp-json\/wp\/v2\/types\/post"}],"author":[{"embeddable":true,"href":"https:\/\/blogs.correiobraziliense.com.br\/eixocapital\/wp-json\/wp\/v2\/users\/9"}],"replies":[{"embeddable":true,"href":"https:\/\/blogs.correiobraziliense.com.br\/eixocapital\/wp-json\/wp\/v2\/comments?post=1758"}],"version-history":[{"count":7,"href":"https:\/\/blogs.correiobraziliense.com.br\/eixocapital\/wp-json\/wp\/v2\/posts\/1758\/revisions"}],"predecessor-version":[{"id":1787,"href":"https:\/\/blogs.correiobraziliense.com.br\/eixocapital\/wp-json\/wp\/v2\/posts\/1758\/revisions\/1787"}],"wp:featuredmedia":[{"embeddable":true,"href":"https:\/\/blogs.correiobraziliense.com.br\/eixocapital\/wp-json\/wp\/v2\/media\/1760"}],"wp:attachment":[{"href":"https:\/\/blogs.correiobraziliense.com.br\/eixocapital\/wp-json\/wp\/v2\/media?parent=1758"}],"wp:term":[{"taxonomy":"category","embeddable":true,"href":"https:\/\/blogs.correiobraziliense.com.br\/eixocapital\/wp-json\/wp\/v2\/categories?post=1758"},{"taxonomy":"post_tag","embeddable":true,"href":"https:\/\/blogs.correiobraziliense.com.br\/eixocapital\/wp-json\/wp\/v2\/tags?post=1758"}],"curies":[{"name":"wp","href":"https:\/\/api.w.org\/{rel}","templated":true}]}}