{"id":1751,"date":"2022-07-29T07:29:52","date_gmt":"2022-07-29T10:29:52","guid":{"rendered":"https:\/\/blogs.correiobraziliense.com.br\/eixocapital\/?p=1751"},"modified":"2022-07-29T07:29:52","modified_gmt":"2022-07-29T10:29:52","slug":"ibaneis-rocha-trabalha-para-reduzir-apoio-a-adversarios","status":"publish","type":"post","link":"https:\/\/blogs.correiobraziliense.com.br\/eixocapital\/2022\/07\/29\/ibaneis-rocha-trabalha-para-reduzir-apoio-a-adversarios\/","title":{"rendered":"Ibaneis Rocha trabalha para reduzir apoio a advers\u00e1rios"},"content":{"rendered":"<p><strong>Coluna Eixo Capital, por Ana Maria Campos<\/strong><\/p>\n<p>O governador Ibaneis Rocha (MDB) tem trabalhado para atrair partidos que orbitavam em torno de outras candidaturas ao Pal\u00e1cio do Buriti. Foi o caso do Pros-DF, que anunciou apoio \u00e0 reelei\u00e7\u00e3o de Ibaneis, e o Solidariedade. A legenda esteve sob a presid\u00eancia regional do ex-senador H\u00e9lio Jos\u00e9 que chegou a gravar inser\u00e7\u00f5es elogiando Jos\u00e9 Ant\u00f4nio Reguffe (Uni\u00e3o). Mas, para seguir com Ibaneis, o Solidariedade est\u00e1 sob novo comando no DF, o deputado federal Lucas Verg\u00edlio, de Goi\u00e1s, que ontem tamb\u00e9m declarou apoio \u00e0 reelei\u00e7\u00e3o do governador. Ibaneis tem conversado com dirigentes do Uni\u00e3o Brasil, partido de Reguffe. O governador tem um bom interlocutor, o ministro da Justi\u00e7a e Seguran\u00e7a P\u00fablica, Anderson Torres, que \u00e9 muito amigo do presidente do Uni\u00e3o Brasil no DF, Manoel Arruda. Mas o partido mant\u00e9m a disposi\u00e7\u00e3o de ter candidatura pr\u00f3pria ao Buriti.<\/p>\n<h3>Chapa pura<\/h3>\n<p>O ex-governador Jos\u00e9 Roberto Arruda (PL) tem dito que <a href=\"https:\/\/www.correiobraziliense.com.br\/politica\/2022\/07\/5024296-jose-roberto-arruda-estou-voltando-de-12-anos-de-um-deserto.html\"><strong>n\u00e3o ser\u00e1 candidato ao governo<\/strong><\/a>, porque a vez \u00e9 de Fl\u00e1via Arruda (PL) no Senado e fica dif\u00edcil formar uma chapa com dois majorit\u00e1rios do mesmo partido. Mas n\u00e3o foi isso que aconteceu em 2006, quando Arruda e Paulo Oct\u00e1vio, ent\u00e3o no PFL, uniram for\u00e7as e um foi candidato a governador; e o outro, vice.<\/p>\n<p><strong>Mais cotada<br \/>\n<\/strong>Entre as tr\u00eas poss\u00edveis vices para a chapa de Rafael Parente (PSB), a mais cotada, at\u00e9 ontem, era a professora Jana\u00edna Almeida (PSB) \u2014 educadora h\u00e1 25 anos. Ela ganha for\u00e7a tamb\u00e9m pelo simbolismo da mulher negra.<\/p>\n<p><strong>Em discuss\u00e3o<br \/>\n<\/strong>Ex-presidente do Sindicato dos Enfermeiros, Dayse Amarillo (PSB) tamb\u00e9m est\u00e1 no p\u00e1reo. Mas ela \u00e9 pr\u00e9-candidata a deputada distrital e tem um compromisso com sua base e grupo pol\u00edtico. Tamb\u00e9m enfermeiro, Marcos Wesley (PSB) vai a federal em dobradinha com Dayse. Por isso, ela ainda avalia os caminhos.<\/p>\n<p><strong>Um voto e dois eleitos<br \/>\n<\/strong>O senador Izalci Lucas (PSDB-DF) deve ter todo o interesse em manter uma boa rela\u00e7\u00e3o com o advogado Felipe Belmonte. O marido da deputada Paula Belmonte (Cidadania-DF) \u00e9 o suplente de Izalci e, na hip\u00f3tese de vit\u00f3ria do senador na disputa ao Governo do DF, ele assume quatro anos de mandato. O eleitor de Izalci precisa estar seguro de que est\u00e1 fazendo uma boa escolha. Vota em um para o Executivo e elege o outro para o Legislativo.<\/p>\n<p><strong>Mais tempo para alian\u00e7a<br \/>\n<\/strong>A conven\u00e7\u00e3o do PDT-DF, que vai confirmar a candidatura da senadora Leila Barros ao GDF, foi adiada. Seria domingo e foi transferida para a pr\u00f3xima quinta-feira, quase no fim do prazo, que \u00e9 sexta-feira. O motivo, segundo integrantes do partido, \u00e9 a agenda de Ciro Gomes e do presidente nacional do PDT, Carlos Lupi. Com o quadro t\u00e3o nebuloso nas coliga\u00e7\u00f5es, mais tempo significa mais possibilidades de constru\u00e7\u00e3o.<\/p>\n","protected":false},"excerpt":{"rendered":"<p>Ibaneis tem trabalhado para atrair partidos que orbitavam em torno de outras candidaturas. Foi o caso do Pros e do Solidariedade<\/p>\n","protected":false},"author":9,"featured_media":1752,"comment_status":"open","ping_status":"open","sticky":false,"template":"","format":"standard","meta":{"footnotes":""},"categories":[247],"tags":[29,53,60,136,290,74],"class_list":["post-1751","post","type-post","status-publish","format-standard","has-post-thumbnail","hentry","category-eixo-capital","tag-eleicoes-2022","tag-ibaneis-rocha","tag-izalci-lucas","tag-jose-antonio-reguffe","tag-leila-barros","tag-rafael-parente"],"_links":{"self":[{"href":"https:\/\/blogs.correiobraziliense.com.br\/eixocapital\/wp-json\/wp\/v2\/posts\/1751","targetHints":{"allow":["GET"]}}],"collection":[{"href":"https:\/\/blogs.correiobraziliense.com.br\/eixocapital\/wp-json\/wp\/v2\/posts"}],"about":[{"href":"https:\/\/blogs.correiobraziliense.com.br\/eixocapital\/wp-json\/wp\/v2\/types\/post"}],"author":[{"embeddable":true,"href":"https:\/\/blogs.correiobraziliense.com.br\/eixocapital\/wp-json\/wp\/v2\/users\/9"}],"replies":[{"embeddable":true,"href":"https:\/\/blogs.correiobraziliense.com.br\/eixocapital\/wp-json\/wp\/v2\/comments?post=1751"}],"version-history":[{"count":1,"href":"https:\/\/blogs.correiobraziliense.com.br\/eixocapital\/wp-json\/wp\/v2\/posts\/1751\/revisions"}],"predecessor-version":[{"id":1753,"href":"https:\/\/blogs.correiobraziliense.com.br\/eixocapital\/wp-json\/wp\/v2\/posts\/1751\/revisions\/1753"}],"wp:featuredmedia":[{"embeddable":true,"href":"https:\/\/blogs.correiobraziliense.com.br\/eixocapital\/wp-json\/wp\/v2\/media\/1752"}],"wp:attachment":[{"href":"https:\/\/blogs.correiobraziliense.com.br\/eixocapital\/wp-json\/wp\/v2\/media?parent=1751"}],"wp:term":[{"taxonomy":"category","embeddable":true,"href":"https:\/\/blogs.correiobraziliense.com.br\/eixocapital\/wp-json\/wp\/v2\/categories?post=1751"},{"taxonomy":"post_tag","embeddable":true,"href":"https:\/\/blogs.correiobraziliense.com.br\/eixocapital\/wp-json\/wp\/v2\/tags?post=1751"}],"curies":[{"name":"wp","href":"https:\/\/api.w.org\/{rel}","templated":true}]}}