{"id":175,"date":"2021-11-02T08:14:34","date_gmt":"2021-11-02T11:14:34","guid":{"rendered":"https:\/\/blogs.correiobraziliense.com.br\/eixocapital\/?p=175"},"modified":"2021-11-02T08:14:34","modified_gmt":"2021-11-02T11:14:34","slug":"professora-fatima-sousa-procura-alternativa-para-o-gdf-em-2022","status":"publish","type":"post","link":"https:\/\/blogs.correiobraziliense.com.br\/eixocapital\/2021\/11\/02\/professora-fatima-sousa-procura-alternativa-para-o-gdf-em-2022\/","title":{"rendered":"Professora F\u00e1tima Sousa procura alternativa para o GDF em 2022"},"content":{"rendered":"<p><strong>Coluna Eixo Capital, por Ana Maria Campos<\/strong><\/p>\n<p>Na mesa de F\u00e1tima Sousa (PSol), t\u00eam passado muitas articula\u00e7\u00f5es pol\u00edticas. Candidata ao Buriti nas \u00faltimas elei\u00e7\u00f5es, a professora gostou de pol\u00edtica e est\u00e1 engajada em construir uma alternativa para 2022. Ela j\u00e1 recebeu, em casa, para o caf\u00e9 da manh\u00e3, sempre caprichosamente servido com p\u00e3es, frutas, sucos e bolos, a senadora Leila Barros (Cidadania-DF), o deputado Professor Israel Batista (PV-DF \u2014 foto), o deputado distrital Reginaldo Veras (PDT), a ex-senadora Helo\u00edsa Helena (Rede), al\u00e9m de correligion\u00e1rios, como Maninha e Toninho do PSol.<\/p>\n<p><strong>Aplausos<br \/>\n<\/strong>O deputado Eduardo Bolsonaro (PSL-SP) postou uma imagem dos criminosos mortos no confronto com a Pol\u00edcia Militar de Minas Gerais em Varginha. A foto mostra os cad\u00e1veres cobertos com len\u00e7\u00f3is sujos de sangue. E a legenda: &#8220;Esta \u00e9 uma das raras vezes que se v\u00ea justi\u00e7a sendo feita. Por isso, a popula\u00e7\u00e3o aplaude. N\u00e3o que fosse a inten\u00e7\u00e3o da pol\u00edcia mat\u00e1-los, mas se os tivessem prendido, bem capaz de algum juiz soltar&#8221;. \u00c9 a velha m\u00e1xima, reafirmada pelo filho 03: bandido bom \u00e9 bandido morto. Em seguida, ele parabeniza as for\u00e7as de seguran\u00e7a envolvidas e o ministro da Justi\u00e7a e Seguran\u00e7a p\u00fablica, Anderson Torres.<\/p>\n<p><strong>Corte de ponto<br \/>\n<\/strong>A Secretaria de Educa\u00e7\u00e3o cortar\u00e1 o ponto do professor que aderir \u00e0 paralisa\u00e7\u00e3o convocada pelo sindicato para amanh\u00e3, na retomada das aulas 100% presenciais na rede p\u00fablica de ensino.<\/p>\n<p><strong>Feira e f\u00e9<br \/>\n<\/strong>O governador Ibaneis Rocha (MDB) e a primeira-dama, Mayara Noronha, participaram ontem do primeiro dia de encontro no Web Summit Lisboa. Ibaneis viajou acompanhado dos secret\u00e1rios de Economia, Andr\u00e9 Clemente, e de Ci\u00eancia, Tecnologia e Inova\u00e7\u00e3o, Gilvan M\u00e1ximo. Ibaneis diz que quer trazer a feira internacional para Bras\u00edlia e tamb\u00e9m apresentar ao mundo o Parque Tecnol\u00f3gico Biotic. Tamb\u00e9m estavam no evento a diretora t\u00e9cnica do Sebrae, Rose Rainha, a presidente do TCU, Ana Arraes, e o ministro Aroldo Cedraz. No fim de semana, Ibaneis e Mayara estiveram em F\u00e1tima, cidade de peregrina\u00e7\u00e3o cat\u00f3lica, e visitaram o Santu\u00e1rio. Por falar em f\u00e9, a comitiva se encontrou tamb\u00e9m em Lisboa com o Bispo JB Carvalho, da Comunidade das Na\u00e7\u00f5es.<\/p>\n","protected":false},"excerpt":{"rendered":"<p>Candidata ao Buriti nas \u00faltimas elei\u00e7\u00f5es, a professora gostou de pol\u00edtica e est\u00e1 engajada em construir uma alternativa para 2022<\/p>\n","protected":false},"author":9,"featured_media":176,"comment_status":"open","ping_status":"open","sticky":false,"template":"","format":"standard","meta":{"footnotes":""},"categories":[1],"tags":[29,53,94,95],"class_list":["post-175","post","type-post","status-publish","format-standard","has-post-thumbnail","hentry","category-sem-categoria","tag-eleicoes-2022","tag-ibaneis-rocha","tag-secretaria-de-educacao","tag-web-summit-lisboa"],"_links":{"self":[{"href":"https:\/\/blogs.correiobraziliense.com.br\/eixocapital\/wp-json\/wp\/v2\/posts\/175","targetHints":{"allow":["GET"]}}],"collection":[{"href":"https:\/\/blogs.correiobraziliense.com.br\/eixocapital\/wp-json\/wp\/v2\/posts"}],"about":[{"href":"https:\/\/blogs.correiobraziliense.com.br\/eixocapital\/wp-json\/wp\/v2\/types\/post"}],"author":[{"embeddable":true,"href":"https:\/\/blogs.correiobraziliense.com.br\/eixocapital\/wp-json\/wp\/v2\/users\/9"}],"replies":[{"embeddable":true,"href":"https:\/\/blogs.correiobraziliense.com.br\/eixocapital\/wp-json\/wp\/v2\/comments?post=175"}],"version-history":[{"count":1,"href":"https:\/\/blogs.correiobraziliense.com.br\/eixocapital\/wp-json\/wp\/v2\/posts\/175\/revisions"}],"predecessor-version":[{"id":177,"href":"https:\/\/blogs.correiobraziliense.com.br\/eixocapital\/wp-json\/wp\/v2\/posts\/175\/revisions\/177"}],"wp:featuredmedia":[{"embeddable":true,"href":"https:\/\/blogs.correiobraziliense.com.br\/eixocapital\/wp-json\/wp\/v2\/media\/176"}],"wp:attachment":[{"href":"https:\/\/blogs.correiobraziliense.com.br\/eixocapital\/wp-json\/wp\/v2\/media?parent=175"}],"wp:term":[{"taxonomy":"category","embeddable":true,"href":"https:\/\/blogs.correiobraziliense.com.br\/eixocapital\/wp-json\/wp\/v2\/categories?post=175"},{"taxonomy":"post_tag","embeddable":true,"href":"https:\/\/blogs.correiobraziliense.com.br\/eixocapital\/wp-json\/wp\/v2\/tags?post=175"}],"curies":[{"name":"wp","href":"https:\/\/api.w.org\/{rel}","templated":true}]}}