{"id":1746,"date":"2022-07-28T07:23:58","date_gmt":"2022-07-28T10:23:58","guid":{"rendered":"https:\/\/blogs.correiobraziliense.com.br\/eixocapital\/?p=1746"},"modified":"2022-07-28T07:23:58","modified_gmt":"2022-07-28T10:23:58","slug":"paula-belmonte-entra-de-atestado-medico-apos-briga-com-o-psdb","status":"publish","type":"post","link":"https:\/\/blogs.correiobraziliense.com.br\/eixocapital\/2022\/07\/28\/paula-belmonte-entra-de-atestado-medico-apos-briga-com-o-psdb\/","title":{"rendered":"Paula Belmonte entra de atestado m\u00e9dico ap\u00f3s briga com o PSDB"},"content":{"rendered":"<p><strong>Coluna Eixo Capital, por Ana Maria Campos<\/strong><\/p>\n<p>Depois de <a href=\"https:\/\/www.correiobraziliense.com.br\/cidades-df\/2022\/07\/5024854-resultado-de-reuniao-do-psdb-cidadania-provocou-crise-na-federacao.html\"><strong>toda a confus\u00e3o de ter\u00e7a-feira na federa\u00e7\u00e3o PSDB-Cidadania<\/strong><\/a>, a deputada Paula Belmonte (Cidadania-DF) apresentou ontem um atestado m\u00e9dico assinado por um psiquiatra. O m\u00e9dico sustenta que ela est\u00e1 sem condi\u00e7\u00f5es emocionais para discuss\u00f5es no partido. Precisa de tr\u00eas dias de descanso. Mas pediu para remarcar para amanh\u00e3.<\/p>\n<p><strong>Not\u00edcia diretamente no TRE<br \/>\n<\/strong>O senador Izalci Lucas (PSDB\/DF) esteve ontem \u00e0 noite com o presidente do TRE-DF, desembargador Roberval Belinati. Ele foi comunicar que foi escolhido pela Federa\u00e7\u00e3o PSDB-Cidadania para ser candidato ao Governo do Distrito Federal. O senador tamb\u00e9m afirmou que a federa\u00e7\u00e3o apresentar\u00e1, at\u00e9 4 de agosto, \u00e0 Justi\u00e7a Eleitoral, o pedido de registro de candidaturas aos cargos de deputado distrital, deputado federal e senador.<\/p>\n<p><strong>D\u00favidas<br \/>\n<\/strong>Os candidatos a deputado distrital e federal da federa\u00e7\u00e3o PSDB-Cidadania est\u00e3o tensos desde a reuni\u00e3o que definiu o destino para as elei\u00e7\u00f5es na chapa majorit\u00e1ria. Sem conven\u00e7\u00e3o, que estava marcada para domingo, ningu\u00e9m sabe quem ser\u00e1 candidato. O formato legal deve ser decidido hoje.<\/p>\n<h3>Em casa<\/h3>\n<p>O governador Ibaneis Rocha (MDB) foi \u00e0 conven\u00e7\u00e3o nacional do PP que confirmou alian\u00e7a com o presidente Jair Bolsonaro. Estava em casa no PP.<\/p>\n<p><strong>Ensaio<br \/>\n<\/strong>O empres\u00e1rio Fernando Marques e o ex-deputado Rog\u00e9rio Rosso tamb\u00e9m foram \u00e0 conven\u00e7\u00e3o do PP. Eles ensaiam uma sa\u00edda da disputa eleitoral se Marques n\u00e3o tiver espa\u00e7o na chapa como candidato ao Senado.<\/p>\n<p><strong>Pontas soltas<br \/>\n<\/strong>No meio pol\u00edtico, h\u00e1 um sentimento de que a chapa de Ibaneis Rocha ainda pode mudar. H\u00e1 muitas pontas soltas nos partidos da base governista.<\/p>\n<p><strong>Vice de Parente ser\u00e1 definida na conven\u00e7\u00e3o do PSB<br \/>\n<\/strong>O PSB-DF realizar\u00e1, neste domingo, a conven\u00e7\u00e3o que definir\u00e1 Rafael Parente como candidato ao GDF. Al\u00e9m da ex-deputada distrital Luzia de Paula, est\u00e3o na disputa pela vaga de vice Dayse Amarilio, ex-presidente do Sindicato dos Enfermeiros e representante dos profissionais que atuaram na linha de frente no combate \u00e0 covid-19; a professora Janaina Almeida, educadora h\u00e1 25 anos e refer\u00eancia na educa\u00e7\u00e3o do Distrito Federal; e M\u00e3e Baiana, mulher negra, defensora das minorias pol\u00edticas e considerada \u00edcone no combate contra ao racismo. A delibera\u00e7\u00e3o dos nomes dever\u00e1 ocorrer durante a conven\u00e7\u00e3o que homologar\u00e1 tamb\u00e9m os nomes para a disputa \u00e0 C\u00e2mara dos Deputados e C\u00e2mara Legislativa.<\/p>\n<p><strong>PSTU lan\u00e7a candidato ao governo do DF<br \/>\n<\/strong>O PSTU-DF realizar\u00e1 conven\u00e7\u00e3o eleitoral neste s\u00e1bado para lan\u00e7ar a candidatura de Robson Raimundo da Silva ao Governo do DF, tendo como vice-governador Eduardo Zanata. Robson \u00e9 professor da Secretaria de Educa\u00e7\u00e3o do DF, membro licenciado da Executiva Distrital da CSP-Conlutas (Central Sindical e Popular), integrante do movimento negro Quilombo, Ra\u00e7a e Classe (QRC) e delegado sindical do Sindicato dos Professores (Sinpro-DF). Foi candidato a senador nas elei\u00e7\u00f5es de 2010, 2014 e 2018, no DF. Concorre pela primeira vez como governador.<\/p>\n<p><strong>Puro-sangue<br \/>\n<\/strong>A chapa do PSTU est\u00e1 completa e \u00e9 puro-sangue. O vice ser\u00e1 Eduardo Zanata, tamb\u00e9m do PSTU. Ele foi coordenador do DCE-UnB e participou do movimento que levou \u00e0 queda do reitor Timothy Mulholland, em 2008. Atualmente, trabalha como assessor pol\u00edtico da CSP-Conlutas (Central Sindical e Popular). Foi candidato a vice-governador do DF pelo PSTU em 2018. A conven\u00e7\u00e3o indicar\u00e1 Elcimara Souza para o Senado. Elcimara \u00e9 servidora t\u00e9cnica judici\u00e1ria, licenciada, do Tribunal de Justi\u00e7a do DF, trabalhou por sete anos como professora na Secretaria de Educa\u00e7\u00e3o do DF e diretora do Sindjus-DF e da Fenajufe, entidades que representam servidores do Poder Judici\u00e1rio e Minist\u00e9rio P\u00fablico. Foi candidata a deputada federal em 2018 no DF pelo PSTU. O partido tem alian\u00e7as com movimentos sociais, mas definiu por n\u00e3o fazer coliga\u00e7\u00f5es, com nenhum partido, pelas diferen\u00e7as politicas e program\u00e1ticas.<\/p>\n<p><strong>O tempo passa\u2026<br \/>\n<\/strong>No primeiro mandato como distrital, Rodrigo Rollemberg tinha o slogan do cara que representava a juventude na pol\u00edtica. Foi na campanha de 1994. Agora, o ex-governador est\u00e1 em busca de votos para a C\u00e2mara dos Deputados como o &#8220;Cabe\u00e7a Branca&#8221;.<\/p>\n<p><strong>Chapa da educa\u00e7\u00e3o<br \/>\n<\/strong>A chapa liderada pelo deputado distrital Leandro Grass (Rede) \u00e9 formada por tr\u00eas professores. Ele j\u00e1 deu aula em v\u00e1rias escolas p\u00fablicas e privadas, a vice, Olgamir Amancia (PCdoB), \u00e9 doutora em educa\u00e7\u00e3o e decana de Extens\u00e3o da UnB. A candidata ao Senado \u00e9 a diretora do Sindicato dos Professores (Sinpro) Rosilene Corr\u00eaa.<\/p>\n<p><strong>Primeiro dia<br \/>\n<\/strong>Leandro Grass j\u00e1 planejou o primeiro dia de campanha, em 16 de agosto. Ele vai come\u00e7ar o dia \u00e0s 6h na Rodovi\u00e1ria do Plano Piloto, com a presen\u00e7a de todos os candidatos da federa\u00e7\u00e3o.<\/p>\n<p><strong>De gr\u00e3o em gr\u00e3o<br \/>\n<\/strong>A pr\u00e9-candidata a deputada distrital Thaynara (PSB) tem se destacado no financiamento coletivo de campanha. A ambientalista de 29 anos recebeu, at\u00e9 o momento, 125 doa\u00e7\u00f5es virtuais e um montante de R$ 17 mil arrecadados.<\/p>\n","protected":false},"excerpt":{"rendered":"<p>O m\u00e9dico sustenta que Paula Belmonte est\u00e1 sem condi\u00e7\u00f5es emocionais para discuss\u00f5es no partido. Precisa de tr\u00eas dias de descanso.<\/p>\n","protected":false},"author":9,"featured_media":1747,"comment_status":"open","ping_status":"open","sticky":false,"template":"","format":"standard","meta":{"footnotes":""},"categories":[247],"tags":[29,53,160,139,384,74,567],"class_list":["post-1746","post","type-post","status-publish","format-standard","has-post-thumbnail","hentry","category-eixo-capital","tag-eleicoes-2022","tag-ibaneis-rocha","tag-leandro-grass","tag-paula-belmonte","tag-pp","tag-rafael-parente","tag-robson-raimundo-da-silva"],"_links":{"self":[{"href":"https:\/\/blogs.correiobraziliense.com.br\/eixocapital\/wp-json\/wp\/v2\/posts\/1746","targetHints":{"allow":["GET"]}}],"collection":[{"href":"https:\/\/blogs.correiobraziliense.com.br\/eixocapital\/wp-json\/wp\/v2\/posts"}],"about":[{"href":"https:\/\/blogs.correiobraziliense.com.br\/eixocapital\/wp-json\/wp\/v2\/types\/post"}],"author":[{"embeddable":true,"href":"https:\/\/blogs.correiobraziliense.com.br\/eixocapital\/wp-json\/wp\/v2\/users\/9"}],"replies":[{"embeddable":true,"href":"https:\/\/blogs.correiobraziliense.com.br\/eixocapital\/wp-json\/wp\/v2\/comments?post=1746"}],"version-history":[{"count":1,"href":"https:\/\/blogs.correiobraziliense.com.br\/eixocapital\/wp-json\/wp\/v2\/posts\/1746\/revisions"}],"predecessor-version":[{"id":1748,"href":"https:\/\/blogs.correiobraziliense.com.br\/eixocapital\/wp-json\/wp\/v2\/posts\/1746\/revisions\/1748"}],"wp:featuredmedia":[{"embeddable":true,"href":"https:\/\/blogs.correiobraziliense.com.br\/eixocapital\/wp-json\/wp\/v2\/media\/1747"}],"wp:attachment":[{"href":"https:\/\/blogs.correiobraziliense.com.br\/eixocapital\/wp-json\/wp\/v2\/media?parent=1746"}],"wp:term":[{"taxonomy":"category","embeddable":true,"href":"https:\/\/blogs.correiobraziliense.com.br\/eixocapital\/wp-json\/wp\/v2\/categories?post=1746"},{"taxonomy":"post_tag","embeddable":true,"href":"https:\/\/blogs.correiobraziliense.com.br\/eixocapital\/wp-json\/wp\/v2\/tags?post=1746"}],"curies":[{"name":"wp","href":"https:\/\/api.w.org\/{rel}","templated":true}]}}