{"id":1737,"date":"2022-07-26T07:22:26","date_gmt":"2022-07-26T10:22:26","guid":{"rendered":"https:\/\/blogs.correiobraziliense.com.br\/eixocapital\/?p=1737"},"modified":"2022-07-26T07:22:26","modified_gmt":"2022-07-26T10:22:26","slug":"candidata-a-vice-celina-leao-traca-planos-para-o-gdf-em-2026","status":"publish","type":"post","link":"https:\/\/blogs.correiobraziliense.com.br\/eixocapital\/2022\/07\/26\/candidata-a-vice-celina-leao-traca-planos-para-o-gdf-em-2026\/","title":{"rendered":"Candidata a vice, Celina Le\u00e3o tra\u00e7a planos para o GDF em 2026"},"content":{"rendered":"<p><strong>Coluna Eixo Capital, por Ana Maria Campos<\/strong><\/p>\n<p>No primeiro mandato de deputada federal, Celina Le\u00e3o (PP-DF) soube conquistar espa\u00e7o. Aproximou-se do poder; trabalhou pela elei\u00e7\u00e3o do presidente da C\u00e2mara, Arthur Lira (PP-AL); tornou-se coordenadora da bancada feminina de deputadas e uma aliada do chefe da Casa Civil, Ciro Nogueira. Mergulhou no Centr\u00e3o. O ingresso no PP ocorreu seis meses antes da elei\u00e7\u00e3o de 2018 e se revelou uma boa aposta pol\u00edtica. No mandato, Celina fez amizade com a ex do presidente Jair Bolsonaro, Ana Cristina Bolsonaro, e at\u00e9 abriu espa\u00e7o no gabinete com um cargo comissionado para a m\u00e3e do filho 04, Jair Renan. A boa rela\u00e7\u00e3o com Ibaneis come\u00e7ou na campanha de 2018. Ele ajudou na elei\u00e7\u00e3o de federal da ex-presidente da C\u00e2mara Legislativa e, depois de eleitos, ainda a presenteou com a Secretaria de Esporte, por onde Celina passou e manteve uma pessoa de confian\u00e7a dela, a atual titular da pasta, Giselle Ferreira. Foi Celina quem turbinou Ibaneis a anunciar o primeiro acordo com Damares Alves como candidata ao Senado, excluindo Fl\u00e1via Arruda (PL). Era um blefe. Nos \u00faltimos anos, Celina conseguiu retomar a trajet\u00f3ria que vinha construindo para chegar ao Pal\u00e1cio do Buriti, interrompido com a Opera\u00e7\u00e3o Dracon. Antes do esc\u00e2ndalo, que ficou conhecido como UTIgate, ela rumava para uma candidatura de governadora. Essa, com certeza, continua a ser sua meta. E uma vit\u00f3ria de Ibaneis em outubro far\u00e1 Celina andar v\u00e1rias casas nesse jogo pol\u00edtico para 2026.<\/p>\n<p><strong>Crise no PP<br \/>\n<\/strong>O ex-deputado Rog\u00e9rio Rosso disse \u00e0 coluna que existe um acordo claro com o PP. O empres\u00e1rio Fernando Marques, dono da Uni\u00e3o Qu\u00edmica, entrou no partido para ser candidato ao Senado, e Rog\u00e9rio Rosso, \u00e0 C\u00e2mara dos Deputados. Se algo falhar, eles n\u00e3o v\u00e3o concorrer a nenhum cargo nestas elei\u00e7\u00f5es. Ocorre que j\u00e1 est\u00e1 dando errado, porque a presidente do PP-DF, Celina Le\u00e3o, \u00e9 a vice na chapa de Ibaneis. N\u00e3o h\u00e1 espa\u00e7o para outra candidatura majorit\u00e1ria para o PP nesse acordo.<\/p>\n<h3><strong>Vice no PDT<\/strong><\/h3>\n<p>O ex-presidente da C\u00e2mara Legislativa Joe Valle (PDT) era o vice-governador dos sonhos da chapa de Reguffe (Uni\u00e3o) ao governo. Joe chegou a ser convidado por Reguffe a entrar tamb\u00e9m no Uni\u00e3o Brasil. Joe at\u00e9 toparia ser vice, mas pelo PDT. Agora, com a candidatura da senadora Leila Barros (PDT) ao governo, Joe Valle deve ser o vice na chapa puro-sangue pedetista.<\/p>\n<p><strong>Ibaneis X Reguffe<br \/>\n<\/strong>Uma pesquisa do RealTime Big Data, divulgada ontem pela Record, indica que, se as elei\u00e7\u00f5es fossem hoje, haveria um segundo turno entre o governador Ibaneis Rocha (MDB) e o senador Jos\u00e9 Ant\u00f4nio Reguffe (Uni\u00e3o). Ibaneis lidera com 35% dos votos, seguido por Reguffe, com 21%, e Leandro Grass (PV), com 8%. A senadora Leila Barros (PDT) tem 5%; Izalci Lucas (PSDB), 3%; Rafael Parente (PSB), 2%; e Keka Bagno (PSol), 1%. Brancos e nulos foram 13%, e os que n\u00e3o sabiam ou n\u00e3o responderam, 11%.<\/p>\n","protected":false},"excerpt":{"rendered":"<p>Nos \u00faltimos anos, Celina conseguiu retomar a trajet\u00f3ria que vinha construindo para chegar ao Pal\u00e1cio do Buriti, interrompido com a Opera\u00e7\u00e3o Dracon<\/p>\n","protected":false},"author":9,"featured_media":1738,"comment_status":"open","ping_status":"open","sticky":false,"template":"","format":"standard","meta":{"footnotes":""},"categories":[247],"tags":[329,29,138,257],"class_list":["post-1737","post","type-post","status-publish","format-standard","has-post-thumbnail","hentry","category-eixo-capital","tag-celina-leao","tag-eleicoes-2022","tag-joe-valle","tag-rogerio-rosso"],"_links":{"self":[{"href":"https:\/\/blogs.correiobraziliense.com.br\/eixocapital\/wp-json\/wp\/v2\/posts\/1737","targetHints":{"allow":["GET"]}}],"collection":[{"href":"https:\/\/blogs.correiobraziliense.com.br\/eixocapital\/wp-json\/wp\/v2\/posts"}],"about":[{"href":"https:\/\/blogs.correiobraziliense.com.br\/eixocapital\/wp-json\/wp\/v2\/types\/post"}],"author":[{"embeddable":true,"href":"https:\/\/blogs.correiobraziliense.com.br\/eixocapital\/wp-json\/wp\/v2\/users\/9"}],"replies":[{"embeddable":true,"href":"https:\/\/blogs.correiobraziliense.com.br\/eixocapital\/wp-json\/wp\/v2\/comments?post=1737"}],"version-history":[{"count":1,"href":"https:\/\/blogs.correiobraziliense.com.br\/eixocapital\/wp-json\/wp\/v2\/posts\/1737\/revisions"}],"predecessor-version":[{"id":1739,"href":"https:\/\/blogs.correiobraziliense.com.br\/eixocapital\/wp-json\/wp\/v2\/posts\/1737\/revisions\/1739"}],"wp:featuredmedia":[{"embeddable":true,"href":"https:\/\/blogs.correiobraziliense.com.br\/eixocapital\/wp-json\/wp\/v2\/media\/1738"}],"wp:attachment":[{"href":"https:\/\/blogs.correiobraziliense.com.br\/eixocapital\/wp-json\/wp\/v2\/media?parent=1737"}],"wp:term":[{"taxonomy":"category","embeddable":true,"href":"https:\/\/blogs.correiobraziliense.com.br\/eixocapital\/wp-json\/wp\/v2\/categories?post=1737"},{"taxonomy":"post_tag","embeddable":true,"href":"https:\/\/blogs.correiobraziliense.com.br\/eixocapital\/wp-json\/wp\/v2\/tags?post=1737"}],"curies":[{"name":"wp","href":"https:\/\/api.w.org\/{rel}","templated":true}]}}