{"id":1732,"date":"2022-07-22T07:19:35","date_gmt":"2022-07-22T10:19:35","guid":{"rendered":"https:\/\/blogs.correiobraziliense.com.br\/eixocapital\/?p=1732"},"modified":"2022-07-22T07:19:35","modified_gmt":"2022-07-22T10:19:35","slug":"damares-nao-se-conformou-com-fim-de-candidatura-ao-senado","status":"publish","type":"post","link":"https:\/\/blogs.correiobraziliense.com.br\/eixocapital\/2022\/07\/22\/damares-nao-se-conformou-com-fim-de-candidatura-ao-senado\/","title":{"rendered":"Damares n\u00e3o se conformou com fim de candidatura ao Senado"},"content":{"rendered":"<p><strong>Coluna Eixo Capital, por Ana Maria Campos<\/strong><\/p>\n<p>Damares Alves (Republicanos) n\u00e3o se conformou com a<a href=\"https:\/\/blogs.correiobraziliense.com.br\/cbpoder\/com-chancela-de-bolsonaro-ibaneis-e-arruda-fecham-acordo-em-chapa-unica\/\"><strong> mudan\u00e7a nos rumos da chapa de Ibaneis<\/strong><\/a>. Lan\u00e7ada ao Senado, na semana passada, a ex-ministra ter\u00e1 dificuldades para ser aceita na disputa pela vaga de deputada federal, porque a presen\u00e7a dela embaralha outras candidaturas. Ent\u00e3o, tudo se complicou. Damares disse a pessoas pr\u00f3ximas que ficou muito chateada com a mudan\u00e7a, mas que respeita o presidente Jair Bolsonaro (PL). N\u00e3o vai confront\u00e1-lo. Acredita, no entanto, que Bolsonaro foi induzido ao erro. Fl\u00e1via Arruda, na vis\u00e3o de Damares, n\u00e3o \u00e9 imbat\u00edvel e poderia ser derrotada com uma campanha forte. O Republicanos est\u00e1, agora, sem rumo e sem espa\u00e7o na chapa de Ibaneis. Mas as negocia\u00e7\u00f5es continuam. O partido marcou a conven\u00e7\u00e3o regional para 27 de julho. Mas vai delegar a decis\u00e3o para a executiva nacional, que s\u00f3 fechar\u00e1 quest\u00e3o em 15 de agosto.<\/p>\n<p><strong>Exames<\/strong><br \/>\nDepois de toda a confus\u00e3o, Damares Alves se internou ontem em hospital para uma bateria de exames.<\/p>\n<p><strong>Atropelados<\/strong><br \/>\nEntre integrantes do Republicanos, o coment\u00e1rio nos \u00faltimos dias tem sido: &#8220;Bolsonaro nos atropelou, e estamos na UTI. Precisamos nos recuperar antes de decidir um novo caminho&#8221;.<\/p>\n","protected":false},"excerpt":{"rendered":"<p>A ex-ministra ter\u00e1 dificuldades para ser aceita na disputa pela vaga de deputada federal. Damares ficou muito chateada, mas que respeita Bolsonaro <\/p>\n","protected":false},"author":9,"featured_media":1733,"comment_status":"open","ping_status":"open","sticky":false,"template":"","format":"standard","meta":{"footnotes":""},"categories":[247],"tags":[503,29,53],"class_list":["post-1732","post","type-post","status-publish","format-standard","has-post-thumbnail","hentry","category-eixo-capital","tag-damares-alves","tag-eleicoes-2022","tag-ibaneis-rocha"],"_links":{"self":[{"href":"https:\/\/blogs.correiobraziliense.com.br\/eixocapital\/wp-json\/wp\/v2\/posts\/1732","targetHints":{"allow":["GET"]}}],"collection":[{"href":"https:\/\/blogs.correiobraziliense.com.br\/eixocapital\/wp-json\/wp\/v2\/posts"}],"about":[{"href":"https:\/\/blogs.correiobraziliense.com.br\/eixocapital\/wp-json\/wp\/v2\/types\/post"}],"author":[{"embeddable":true,"href":"https:\/\/blogs.correiobraziliense.com.br\/eixocapital\/wp-json\/wp\/v2\/users\/9"}],"replies":[{"embeddable":true,"href":"https:\/\/blogs.correiobraziliense.com.br\/eixocapital\/wp-json\/wp\/v2\/comments?post=1732"}],"version-history":[{"count":1,"href":"https:\/\/blogs.correiobraziliense.com.br\/eixocapital\/wp-json\/wp\/v2\/posts\/1732\/revisions"}],"predecessor-version":[{"id":1734,"href":"https:\/\/blogs.correiobraziliense.com.br\/eixocapital\/wp-json\/wp\/v2\/posts\/1732\/revisions\/1734"}],"wp:featuredmedia":[{"embeddable":true,"href":"https:\/\/blogs.correiobraziliense.com.br\/eixocapital\/wp-json\/wp\/v2\/media\/1733"}],"wp:attachment":[{"href":"https:\/\/blogs.correiobraziliense.com.br\/eixocapital\/wp-json\/wp\/v2\/media?parent=1732"}],"wp:term":[{"taxonomy":"category","embeddable":true,"href":"https:\/\/blogs.correiobraziliense.com.br\/eixocapital\/wp-json\/wp\/v2\/categories?post=1732"},{"taxonomy":"post_tag","embeddable":true,"href":"https:\/\/blogs.correiobraziliense.com.br\/eixocapital\/wp-json\/wp\/v2\/tags?post=1732"}],"curies":[{"name":"wp","href":"https:\/\/api.w.org\/{rel}","templated":true}]}}