{"id":1729,"date":"2022-07-22T07:14:12","date_gmt":"2022-07-22T10:14:12","guid":{"rendered":"https:\/\/blogs.correiobraziliense.com.br\/eixocapital\/?p=1729"},"modified":"2022-07-22T07:14:12","modified_gmt":"2022-07-22T10:14:12","slug":"cristovam-buarque-quer-federacao-psdb-cidadania-com-reguffe","status":"publish","type":"post","link":"https:\/\/blogs.correiobraziliense.com.br\/eixocapital\/2022\/07\/22\/cristovam-buarque-quer-federacao-psdb-cidadania-com-reguffe\/","title":{"rendered":"Cristovam Buarque quer federa\u00e7\u00e3o PSDB-Cidadania com Reguffe"},"content":{"rendered":"<p><strong>Coluna Eixo Capital, por Ana Maria Campos<\/strong><\/p>\n<p>O ex-senador Cristovam Buarque (Cidadania-DF) teve uma longa conversa, ontem, com a deputada Paula Belmonte (Cidadania-DF), em um caf\u00e9 da Asa Norte, e ouviu dela a explica\u00e7\u00e3o sobre o embate na federa\u00e7\u00e3o do Cidadania-PSDB com o senador Izalci Lucas (PSDB-DF). Na conversa, Cristovam relembrou que advertiu o presidente nacional do partido, Roberto Freire, de que a federa\u00e7\u00e3o deixaria o Cidadania a reboque dos tucanos. Por isso, ele votou contra quando o tema foi debatido na legenda. Agora, Cristovam se compromete a ajudar Paula, com o prop\u00f3sito de buscarem uma alian\u00e7a em torno da candidatura do senador Jos\u00e9 Ant\u00f4nio Reguffe (Uni\u00e3o) ao governo. &#8220;Se sa\u00edrem todos separados, daremos a vit\u00f3ria para Ibaneis, que se uniu com Arruda&#8221;, avisa Cristovam. A conversa contou com a presen\u00e7a de Marcelo Aguiar, que integra a executiva regional da federa\u00e7\u00e3o. <a href=\"https:\/\/www.correiobraziliense.com.br\/cidades-df\/2022\/07\/5023383-deputada-paula-belmonte-anuncia-pre-candidatura-ao-governo-do-df.html\"><strong>Paula se lan\u00e7ou candidata ao Buriti, mas as negocia\u00e7\u00f5es continuam<\/strong><\/a>.<\/p>\n<h3>Disputa na base de Lula<\/h3>\n<p>Leandro Grass (PV) conversou longamente com Keka Bagno (PSol), em busca de um entendimento para que sigam juntos. N\u00e3o deu certo. Pr\u00e9-candidato da federa\u00e7\u00e3o PT-PV-PCdoB ao GDF, Grass queria que Keka, da federa\u00e7\u00e3o PSol-Rede, declarasse apoio ao projeto dele no primeiro turno. Ela n\u00e3o topou. A avalia\u00e7\u00e3o na campanha de Grass \u00e9 de que Keka sabe que n\u00e3o ganha, mas tem dois objetivos: ajudar na reelei\u00e7\u00e3o do deputado distrital F\u00e1bio F\u00e9lix (PSol) e se fazer conhecida para a pr\u00f3xima elei\u00e7\u00e3o. A estrat\u00e9gia dela tem sido bater em Grass.<\/p>\n<p><strong>Conciliadora<br \/>\n<\/strong>Pr\u00e9-candidata a deputada federal, a professora F\u00e1tima Sousa (PSol) disse ao <strong>Correio<\/strong> que ainda acredita em uma uni\u00e3o das chapas das federa\u00e7\u00f5es PT-PV-PCdoB e PSol-Rede. Para ela, que foi candidata ao Pal\u00e1cio do Buriti em 2018, a alian\u00e7a agora \u00e9 bem improv\u00e1vel, mas n\u00e3o imposs\u00edvel.<\/p>\n<p><strong>Conven\u00e7\u00e3o em agosto<br \/>\n<\/strong>O Uni\u00e3o Brasil marcou a conven\u00e7\u00e3o regional para 3 de agosto, a dois dias do prazo final. Na data, o senador Jos\u00e9 Ant\u00f4nio Reguffe (Uni\u00e3o) ser\u00e1 lan\u00e7ado candidato ao governo. Dois dias depois, o partido oficializa a candidatura de Luciano Bivar \u00e0 Presid\u00eancia da Rep\u00fablica.<\/p>\n<p><strong>Sem acordo<br \/>\n<\/strong>O presidente nacional do PDT, Carlos Lupi, e o presidente nacional em exerc\u00edcio do Uni\u00e3o Brasil, Ant\u00f4nio Rueda, t\u00eam conversado sobre uma poss\u00edvel alian\u00e7a dos partidos no DF. Uniria os senadores Leila Barros (PDT) e Reguffe (Uni\u00e3o). Mas nenhum dos dois quer ceder a candidatura ao GDF.<\/p>\n<p><strong>Drones para combater crimes eleitorais<br \/>\n<\/strong>O Tribunal Regional Eleitoral (TRE-DF) contar\u00e1 com drones cedidos pela Pol\u00edcia Federal para fiscaliza\u00e7\u00e3o da propaganda eleitoral e de outros crimes eleitorais nos fins de semana da elei\u00e7\u00e3o. Foi um pedido do presidente do TRE-DF, desembargador Roberval Belinati, atendido pela delegada Mylena Lecy Martins da Costa, chefe da Delegacia de Defesa Social e Institucional da Pol\u00edcia Federal. &#8220;Os drones oferecidos pela Pol\u00edcia Federal ser\u00e3o utilizados na fiscaliza\u00e7\u00e3o das elei\u00e7\u00f5es por policiais federais, especialmente nas \u00e1reas de fronteira do Distrito Federal, sobretudo para coibir o transporte ilegal de eleitores. E estar\u00e3o a servi\u00e7o da Justi\u00e7a Eleitoral em todos os 610 locais de vota\u00e7\u00e3o, para ajudar a combater a boca de urna, que n\u00e3o ser\u00e1 permitida no pleito eleitoral.&#8221;<\/p>\n","protected":false},"excerpt":{"rendered":"<p>Cristovam Buarque teve uma longa conversa com Paula Belmonte e ouviu dela a explica\u00e7\u00e3o sobre o embate na federa\u00e7\u00e3o do Cidadania-PSDB com Izalci Lucas<\/p>\n","protected":false},"author":9,"featured_media":1730,"comment_status":"open","ping_status":"open","sticky":false,"template":"","format":"standard","meta":{"footnotes":""},"categories":[247],"tags":[96,503,29,53,60,335,160,139,194,111],"class_list":["post-1729","post","type-post","status-publish","format-standard","has-post-thumbnail","hentry","category-eixo-capital","tag-cristovam-buarque","tag-damares-alves","tag-eleicoes-2022","tag-ibaneis-rocha","tag-izalci-lucas","tag-keka-bagno","tag-leandro-grass","tag-paula-belmonte","tag-reguffe","tag-tre-df"],"_links":{"self":[{"href":"https:\/\/blogs.correiobraziliense.com.br\/eixocapital\/wp-json\/wp\/v2\/posts\/1729","targetHints":{"allow":["GET"]}}],"collection":[{"href":"https:\/\/blogs.correiobraziliense.com.br\/eixocapital\/wp-json\/wp\/v2\/posts"}],"about":[{"href":"https:\/\/blogs.correiobraziliense.com.br\/eixocapital\/wp-json\/wp\/v2\/types\/post"}],"author":[{"embeddable":true,"href":"https:\/\/blogs.correiobraziliense.com.br\/eixocapital\/wp-json\/wp\/v2\/users\/9"}],"replies":[{"embeddable":true,"href":"https:\/\/blogs.correiobraziliense.com.br\/eixocapital\/wp-json\/wp\/v2\/comments?post=1729"}],"version-history":[{"count":1,"href":"https:\/\/blogs.correiobraziliense.com.br\/eixocapital\/wp-json\/wp\/v2\/posts\/1729\/revisions"}],"predecessor-version":[{"id":1731,"href":"https:\/\/blogs.correiobraziliense.com.br\/eixocapital\/wp-json\/wp\/v2\/posts\/1729\/revisions\/1731"}],"wp:featuredmedia":[{"embeddable":true,"href":"https:\/\/blogs.correiobraziliense.com.br\/eixocapital\/wp-json\/wp\/v2\/media\/1730"}],"wp:attachment":[{"href":"https:\/\/blogs.correiobraziliense.com.br\/eixocapital\/wp-json\/wp\/v2\/media?parent=1729"}],"wp:term":[{"taxonomy":"category","embeddable":true,"href":"https:\/\/blogs.correiobraziliense.com.br\/eixocapital\/wp-json\/wp\/v2\/categories?post=1729"},{"taxonomy":"post_tag","embeddable":true,"href":"https:\/\/blogs.correiobraziliense.com.br\/eixocapital\/wp-json\/wp\/v2\/tags?post=1729"}],"curies":[{"name":"wp","href":"https:\/\/api.w.org\/{rel}","templated":true}]}}