{"id":1706,"date":"2022-07-19T07:23:55","date_gmt":"2022-07-19T10:23:55","guid":{"rendered":"https:\/\/blogs.correiobraziliense.com.br\/eixocapital\/?p=1706"},"modified":"2022-07-19T13:07:27","modified_gmt":"2022-07-19T16:07:27","slug":"ptb-fecha-com-chapa-de-ibaneis-rocha","status":"publish","type":"post","link":"https:\/\/blogs.correiobraziliense.com.br\/eixocapital\/2022\/07\/19\/ptb-fecha-com-chapa-de-ibaneis-rocha\/","title":{"rendered":"PTB fecha com chapa de Ibaneis Rocha"},"content":{"rendered":"<p><strong>Coluna Eixo Capital, por J\u00e9ssica Eufr\u00e1sio<\/strong><\/p>\n<p>Em tempos de costuras pol\u00edticas, a chapa de Ibaneis Rocha (MDB) ganhou mais um grupo aliado. Depois de fechar com integrantes do PP e do Republicanos, com a entrada de Celina Le\u00e3o e Damares Alves no jogo, o pr\u00e9-candidato \u00e0 reelei\u00e7\u00e3o acertou com o PTB, ontem. Em evento na sede da legenda, na Asa Norte, o chefe do Executivo local explicou o motivo da parceria: &#8220;Esse partido tem uma pauta que diz respeito \u00e0 nossa no DF e diz respeito, tamb\u00e9m, \u00e0 campanha do nosso presidente (Jair) Bolsonaro. Estamos alinhados com essa pauta, com os valores da fam\u00edlia, com os valores que viemos implementando ao longo desses tr\u00eas anos e sete meses de governo&#8221;.<\/p>\n<p><strong>Pe\u00e7a-chave<br \/>\n<\/strong>Presente ao evento, a ex-secret\u00e1ria da Mulher Ericka Filipelli (PTB) teve papel importante nas articula\u00e7\u00f5es. Ex-emedebista e nora de Tadeu Filippelli (MDB), a pr\u00e9-candidata a deputada distrital foi quem garantiu o enlace da legenda \u00e0 qual se filiou com a chapa de Ibaneis. &#8220;Fiz parte do time dele por tr\u00eas anos e meio. Pude realizar muito e, agora, posso atuar diretamente para a reelei\u00e7\u00e3o&#8221;, afirmou \u00e0 coluna.<\/p>\n<p><strong>Cenas de ontem\u2026<br \/>\n<\/strong>De um lado, Jair Bolsonaro (PL) confirma o esperado e acena em favor de Jos\u00e9 Roberto Arruda (PL), caso o correligion\u00e1rio concorra ao governo do DF. De outro, Ibaneis Rocha, aparentemente sem ressentimentos, deixa claro que, tendo ou n\u00e3o o apoio do presidente da Rep\u00fablica, continuar\u00e1 seguindo a agenda bolsonarista.<\/p>\n","protected":false},"excerpt":{"rendered":"<p>Presente ao evento, a ex-secret\u00e1ria da Mulher Ericka Filipelli (PTB) teve papel importante nas articula\u00e7\u00f5es e foi quem garantiu o enlace da legenda<\/p>\n","protected":false},"author":9,"featured_media":1707,"comment_status":"open","ping_status":"open","sticky":false,"template":"","format":"standard","meta":{"footnotes":""},"categories":[247],"tags":[29,563,53],"class_list":["post-1706","post","type-post","status-publish","format-standard","has-post-thumbnail","hentry","category-eixo-capital","tag-eleicoes-2022","tag-ericka-filipelli","tag-ibaneis-rocha"],"_links":{"self":[{"href":"https:\/\/blogs.correiobraziliense.com.br\/eixocapital\/wp-json\/wp\/v2\/posts\/1706","targetHints":{"allow":["GET"]}}],"collection":[{"href":"https:\/\/blogs.correiobraziliense.com.br\/eixocapital\/wp-json\/wp\/v2\/posts"}],"about":[{"href":"https:\/\/blogs.correiobraziliense.com.br\/eixocapital\/wp-json\/wp\/v2\/types\/post"}],"author":[{"embeddable":true,"href":"https:\/\/blogs.correiobraziliense.com.br\/eixocapital\/wp-json\/wp\/v2\/users\/9"}],"replies":[{"embeddable":true,"href":"https:\/\/blogs.correiobraziliense.com.br\/eixocapital\/wp-json\/wp\/v2\/comments?post=1706"}],"version-history":[{"count":2,"href":"https:\/\/blogs.correiobraziliense.com.br\/eixocapital\/wp-json\/wp\/v2\/posts\/1706\/revisions"}],"predecessor-version":[{"id":1712,"href":"https:\/\/blogs.correiobraziliense.com.br\/eixocapital\/wp-json\/wp\/v2\/posts\/1706\/revisions\/1712"}],"wp:featuredmedia":[{"embeddable":true,"href":"https:\/\/blogs.correiobraziliense.com.br\/eixocapital\/wp-json\/wp\/v2\/media\/1707"}],"wp:attachment":[{"href":"https:\/\/blogs.correiobraziliense.com.br\/eixocapital\/wp-json\/wp\/v2\/media?parent=1706"}],"wp:term":[{"taxonomy":"category","embeddable":true,"href":"https:\/\/blogs.correiobraziliense.com.br\/eixocapital\/wp-json\/wp\/v2\/categories?post=1706"},{"taxonomy":"post_tag","embeddable":true,"href":"https:\/\/blogs.correiobraziliense.com.br\/eixocapital\/wp-json\/wp\/v2\/tags?post=1706"}],"curies":[{"name":"wp","href":"https:\/\/api.w.org\/{rel}","templated":true}]}}