{"id":1684,"date":"2022-07-15T14:11:09","date_gmt":"2022-07-15T17:11:09","guid":{"rendered":"https:\/\/blogs.correiobraziliense.com.br\/eixocapital\/?p=1684"},"modified":"2022-07-15T14:19:52","modified_gmt":"2022-07-15T17:19:52","slug":"leila-barros-confirma-pre-candidatura-ao-gdf-nome-de-vice-segue-indefinido","status":"publish","type":"post","link":"https:\/\/blogs.correiobraziliense.com.br\/eixocapital\/2022\/07\/15\/leila-barros-confirma-pre-candidatura-ao-gdf-nome-de-vice-segue-indefinido\/","title":{"rendered":"Leila Barros confirma pr\u00e9-candidatura ao GDF; nome de vice segue indefinido"},"content":{"rendered":"<p>J\u00c9SSICA EUFR\u00c1SIO<\/p>\n<p>A senadora Leila Barros (PDT) confirmou, nesta sexta-feira (15\/7), a pr\u00e9-candidatura ao Governo do Distrito Federal. O nome da parlamentar era dado como certo na disputa desde que ela migrou do Cidadania para o PDT, <a href=\"https:\/\/blogs.correiobraziliense.com.br\/eixocapital\/2022\/03\/30\/leila-entra-no-pdt-e-deve-ser-candidata-ao-gdf\/\">em mar\u00e7o<\/a>. \u00c0 \u00e9poca, <a href=\"https:\/\/blogs.correiobraziliense.com.br\/eixocapital\/2022\/03\/31\/leila-barros-entrou-no-pdt-ja-com-grupo-formado-para-disputar-eleicao-majoritaria\/\">recebeu chancela<\/a> do presidente do partido, Carlos Lupi, e do pr\u00e9-candidato \u00e0 presid\u00eancia da Rep\u00fablica Ciro Gomes para entrar na corrida ao Pal\u00e1cio do Buriti.<\/p>\n<p>Em <a href=\"https:\/\/www.instagram.com\/p\/CgCXnYwLcDW\/\">v\u00eddeo divulgado nas m\u00eddias sociais<\/a>, a parlamentar relembrou a trajet\u00f3ria nos esportes, no Senado e na administra\u00e7\u00e3o p\u00fablica. Nascida em Taguatinga, a ex-atleta menciona os resultados dos primeiros quatro anos de mandato e convida os eleitores a entrar no &#8220;time da Leila&#8221;. &#8220;Nossa gente precisa de aten\u00e7\u00e3o, de um governo que, realmente, cuide das pessoas&#8221;, afirma.<\/p>\n<p>Agora, resta descobrir quem estar\u00e1 ao lado da pr\u00e9-candidata como vice. A expectativa \u00e9 de uma chapa puro-sangue, com o nome do ex-presidente da C\u00e2mara Legislativa Joe Valle (PDT) como mais cotado. Pela trajet\u00f3ria pol\u00edtica e no partido, ele teria for\u00e7a para puxar votos. Al\u00e9m disso, conta com a confian\u00e7a de Leila. No entanto, pessoas ligadas \u00e0 parlamentar afirmam que ela analisa uma segunda op\u00e7\u00e3o, mas sem revelar quem seria.<\/p>\n<p>A escolha tem previs\u00e3o de ser anunciada no pr\u00f3ximo dia 31, na conven\u00e7\u00e3o distrital do PDT. No evento, Leila estar\u00e1 acompanhada do nome definido para vice, e os correligion\u00e1rios v\u00e3o decidir quem ser\u00e3o os representantes da sigla na disputa aos cargos de senador e deputado pelo Distrito Federal.<\/p>\n","protected":false},"excerpt":{"rendered":"<p>J\u00c9SSICA EUFR\u00c1SIO A senadora Leila Barros (PDT) confirmou, nesta sexta-feira (15\/7), a pr\u00e9-candidatura ao Governo do Distrito Federal. O nome da parlamentar era dado como certo na disputa desde que ela migrou do Cidadania para o PDT, em mar\u00e7o. \u00c0 \u00e9poca, recebeu chancela do presidente do partido, Carlos Lupi, e do pr\u00e9-candidato \u00e0 presid\u00eancia da Rep\u00fablica Ciro Gomes para entrar [&hellip;]<\/p>\n","protected":false},"author":9,"featured_media":149,"comment_status":"open","ping_status":"open","sticky":false,"template":"","format":"standard","meta":{"footnotes":""},"categories":[1],"tags":[29,361,290,414,104,556],"class_list":["post-1684","post","type-post","status-publish","format-standard","has-post-thumbnail","hentry","category-sem-categoria","tag-eleicoes-2022","tag-gdf","tag-leila-barros","tag-palacio-do-buriti","tag-pdt","tag-pre-candidatura"],"_links":{"self":[{"href":"https:\/\/blogs.correiobraziliense.com.br\/eixocapital\/wp-json\/wp\/v2\/posts\/1684","targetHints":{"allow":["GET"]}}],"collection":[{"href":"https:\/\/blogs.correiobraziliense.com.br\/eixocapital\/wp-json\/wp\/v2\/posts"}],"about":[{"href":"https:\/\/blogs.correiobraziliense.com.br\/eixocapital\/wp-json\/wp\/v2\/types\/post"}],"author":[{"embeddable":true,"href":"https:\/\/blogs.correiobraziliense.com.br\/eixocapital\/wp-json\/wp\/v2\/users\/9"}],"replies":[{"embeddable":true,"href":"https:\/\/blogs.correiobraziliense.com.br\/eixocapital\/wp-json\/wp\/v2\/comments?post=1684"}],"version-history":[{"count":14,"href":"https:\/\/blogs.correiobraziliense.com.br\/eixocapital\/wp-json\/wp\/v2\/posts\/1684\/revisions"}],"predecessor-version":[{"id":1698,"href":"https:\/\/blogs.correiobraziliense.com.br\/eixocapital\/wp-json\/wp\/v2\/posts\/1684\/revisions\/1698"}],"wp:featuredmedia":[{"embeddable":true,"href":"https:\/\/blogs.correiobraziliense.com.br\/eixocapital\/wp-json\/wp\/v2\/media\/149"}],"wp:attachment":[{"href":"https:\/\/blogs.correiobraziliense.com.br\/eixocapital\/wp-json\/wp\/v2\/media?parent=1684"}],"wp:term":[{"taxonomy":"category","embeddable":true,"href":"https:\/\/blogs.correiobraziliense.com.br\/eixocapital\/wp-json\/wp\/v2\/categories?post=1684"},{"taxonomy":"post_tag","embeddable":true,"href":"https:\/\/blogs.correiobraziliense.com.br\/eixocapital\/wp-json\/wp\/v2\/tags?post=1684"}],"curies":[{"name":"wp","href":"https:\/\/api.w.org\/{rel}","templated":true}]}}