{"id":1680,"date":"2022-07-15T07:41:57","date_gmt":"2022-07-15T10:41:57","guid":{"rendered":"https:\/\/blogs.correiobraziliense.com.br\/eixocapital\/?p=1680"},"modified":"2022-07-15T07:41:57","modified_gmt":"2022-07-15T10:41:57","slug":"keka-reclama-de-tratamento-discriminatorio-em-eventos-do-lula","status":"publish","type":"post","link":"https:\/\/blogs.correiobraziliense.com.br\/eixocapital\/2022\/07\/15\/keka-reclama-de-tratamento-discriminatorio-em-eventos-do-lula\/","title":{"rendered":"Keka reclama de tratamento discriminat\u00f3rio em eventos do Lula"},"content":{"rendered":"<p><strong>Coluna Eixo Capital, por Ana Maria Campos<\/strong><\/p>\n<p>A pr\u00e9-candidata da federa\u00e7\u00e3o PSol-Rede ao Pal\u00e1cio do Buriti, Keka Bagno, sentiu-se desprestigiada pela equipe organizadora do ato com a presen\u00e7a de Lula em Bras\u00edlia, na \u00faltima ter\u00e7a-feira, e na reuni\u00e3o do ex-presidente com o setor cultural. No primeiro compromisso, Keka n\u00e3o foi apresentada como candidata da base de Lula. Ela e o pr\u00e9-candidato do PSB, Rafael Parente, tiveram oportunidade de se pronunciar como representantes dos dois partidos. Na reuni\u00e3o com artistas, Keka entrou, mas a mulher dela, Mariana Ferreira, n\u00e3o teve autoriza\u00e7\u00e3o para participar porque n\u00e3o tinha o nome registrado pela organiza\u00e7\u00e3o. Keka reagiu e brigou: &#8220;Se fosse a mulher do Leandro, haveria problema?&#8221;. Nas redes sociais, Keka reclamou: &#8220;Tivemos dois dias intensos com a vinda do futuro presidente Lula. N\u00e3o deixaram que eu falasse como pr\u00e9-candidata ao governo. Minha fala foi como representante do PSol. Enquanto eu discursava e a multid\u00e3o aplaudia, colocaram no tel\u00e3o, atr\u00e1s de mim, a foto de outro pr\u00e9-candidato, homem e branco. Quiseram demarcar. Na segunda atividade com o presidente, n\u00e3o quiseram citar minha presen\u00e7a. Mas foram obrigados pela indigna\u00e7\u00e3o de quem ali estava. A contradi\u00e7\u00e3o n\u00e3o \u00e9 minha, n\u00e3o \u00e9 nossa&#8221;.<\/p>\n<p><strong>Cada um na sua<\/strong><br \/>\nA equipe da campanha do deputado Leandro Grass (PV) disse que os atos p\u00fablicos do ex-presidente Lula em Bras\u00edlia foram organizados pela federa\u00e7\u00e3o PT-PV-PCdoB. E acrescentou: &#8220;Quando a federa\u00e7\u00e3o PSol-Rede promover um ato em apoio a Lula no DF, esperamos que convide nossa federa\u00e7\u00e3o e nossos candidatos, <a href=\"https:\/\/blogs.correiobraziliense.com.br\/eixocapital\/2022\/07\/12\/aliados-no-df-vao-discursar-no-evento-de-lula-hoje\/\"><strong>como n\u00f3s os convidamos<\/strong><\/a>&#8220;. Como a coluna mostrou, a inten\u00e7\u00e3o dos organizadores, em combina\u00e7\u00e3o com a campanha de Lula, foi realmente mostrar que <strong><a href=\"https:\/\/www.correiobraziliense.com.br\/cidades-df\/2022\/06\/5016943-federacao-de-lula-confirma-chapa-com-leandro-grass-e-rosilene-correa.html\">os candidatos do ex-presidente s\u00e3o Leandro Grass, ao governo, e Rosilene Corr\u00eaa, ao Senado<\/a><\/strong>.<\/p>\n<p><strong>Amigos, amigos elei\u00e7\u00e3o \u00e0 parte<\/strong><br \/>\nNem tudo \u00e9 paz e amor. Leandro Grass (PV), Keka Bagno (PSol) e Rafael Parente (PSB) s\u00e3o aliados de Lula, mas advers\u00e1rios na disputa ao Pal\u00e1cio do Buriti. Pelo menos, no primeiro turno.<\/p>\n<p><strong>Sem volta<\/strong><br \/>\nO PSB bateu o martelo na candidatura de Rafael Parente ao governo do DF. Decidiu que n\u00e3o vai esperar mais ningu\u00e9m. Eles garantem que a \u00fanica possibilidade de composi\u00e7\u00e3o com outros partidos a partir de agora \u00e9 com Parente na cabe\u00e7a da chapa.<\/p>\n<p><strong>De vice a distrital<\/strong><br \/>\nA ex-deputada Luzia de Paula n\u00e3o ser\u00e1 mais candidata a vice na chapa de Rafael Parente. Ela tem chance de puxar votos e se eleger deputada distrital.<\/p>\n","protected":false},"excerpt":{"rendered":"<p>A pr\u00e9-candidata da federa\u00e7\u00e3o PSol-Rede ao Pal\u00e1cio do Buriti, Keka Bagno, sentiu-se desprestigiada pela equipe organizadora do ato com a presen\u00e7a de Lula<\/p>\n","protected":false},"author":9,"featured_media":1681,"comment_status":"open","ping_status":"open","sticky":false,"template":"","format":"standard","meta":{"footnotes":""},"categories":[247],"tags":[29,335,160,74],"class_list":["post-1680","post","type-post","status-publish","format-standard","has-post-thumbnail","hentry","category-eixo-capital","tag-eleicoes-2022","tag-keka-bagno","tag-leandro-grass","tag-rafael-parente"],"_links":{"self":[{"href":"https:\/\/blogs.correiobraziliense.com.br\/eixocapital\/wp-json\/wp\/v2\/posts\/1680","targetHints":{"allow":["GET"]}}],"collection":[{"href":"https:\/\/blogs.correiobraziliense.com.br\/eixocapital\/wp-json\/wp\/v2\/posts"}],"about":[{"href":"https:\/\/blogs.correiobraziliense.com.br\/eixocapital\/wp-json\/wp\/v2\/types\/post"}],"author":[{"embeddable":true,"href":"https:\/\/blogs.correiobraziliense.com.br\/eixocapital\/wp-json\/wp\/v2\/users\/9"}],"replies":[{"embeddable":true,"href":"https:\/\/blogs.correiobraziliense.com.br\/eixocapital\/wp-json\/wp\/v2\/comments?post=1680"}],"version-history":[{"count":1,"href":"https:\/\/blogs.correiobraziliense.com.br\/eixocapital\/wp-json\/wp\/v2\/posts\/1680\/revisions"}],"predecessor-version":[{"id":1682,"href":"https:\/\/blogs.correiobraziliense.com.br\/eixocapital\/wp-json\/wp\/v2\/posts\/1680\/revisions\/1682"}],"wp:featuredmedia":[{"embeddable":true,"href":"https:\/\/blogs.correiobraziliense.com.br\/eixocapital\/wp-json\/wp\/v2\/media\/1681"}],"wp:attachment":[{"href":"https:\/\/blogs.correiobraziliense.com.br\/eixocapital\/wp-json\/wp\/v2\/media?parent=1680"}],"wp:term":[{"taxonomy":"category","embeddable":true,"href":"https:\/\/blogs.correiobraziliense.com.br\/eixocapital\/wp-json\/wp\/v2\/categories?post=1680"},{"taxonomy":"post_tag","embeddable":true,"href":"https:\/\/blogs.correiobraziliense.com.br\/eixocapital\/wp-json\/wp\/v2\/tags?post=1680"}],"curies":[{"name":"wp","href":"https:\/\/api.w.org\/{rel}","templated":true}]}}