{"id":168,"date":"2021-10-29T06:24:33","date_gmt":"2021-10-29T09:24:33","guid":{"rendered":"https:\/\/blogs.correiobraziliense.com.br\/eixocapital\/?p=168"},"modified":"2021-10-29T06:24:33","modified_gmt":"2021-10-29T09:24:33","slug":"ericka-filippelli-estamos-em-tempo-de-trabalho-de-focar-nas-entregas","status":"publish","type":"post","link":"https:\/\/blogs.correiobraziliense.com.br\/eixocapital\/2021\/10\/29\/ericka-filippelli-estamos-em-tempo-de-trabalho-de-focar-nas-entregas\/","title":{"rendered":"Ericka Filippelli: &#8220;Estamos em tempo de trabalho, de focar nas entregas&#8221;"},"content":{"rendered":"<p><strong>\u00c0 queima-roupa \/\/\u00a0Ericka Filippelli, Publicit\u00e1ria, secret\u00e1ria de Estado da Mulher, presidente do MDB Mulher e tesoureira do MDB Nacional<\/strong><\/p>\n<p><strong>Como vai o trabalho na Secretaria da Mulher do DF?<\/strong><br \/>\nLutando muito. Estamos agora com o prazo final para inclus\u00e3o na Caixa dos projetos para a cria\u00e7\u00e3o de quatro novas Casas da Mulher Brasileira. J\u00e1 temos uma em Ceil\u00e2ndia e vamos abrir em Sobradinho II, Recanto das Emas, Sol Nascente e S\u00e3o Sebasti\u00e3o. Teremos o maior n\u00famero de unidades no pa\u00eds.<\/p>\n<p><strong>Voc\u00ea foi candidata a deputada distrital e teve 4285 votos. Pretende concorrer a deputada federal?<\/strong><br \/>\nIsso nunca chegou para mim. Nunca fui sondada. A orienta\u00e7\u00e3o do governador Ibaneis Rocha \u00e9 que estamos em tempo de trabalho, de focar nas entregas. A campanha n\u00e3o \u00e9 nosso foco agora. No momento certo, no pr\u00f3ximo ano, vamos conversar, mas nunca pensei em concorrer a federal.<\/p>\n<p><strong>E a distrital?<\/strong><br \/>\n\u00c9 mais natural, porque concorri na elei\u00e7\u00e3o passada. Mas, como disse, tenho uma miss\u00e3o grande ainda, meu foco \u00e9 o trabalho.<\/p>\n<p><strong>E se Tadeu Filippelli concorrer a distrital, inviabilizaria uma candidatura sua \u00e0 C\u00e2mara Legislativa tamb\u00e9m?<\/strong><br \/>\nIsso precisa ser constru\u00eddo. Nenhuma decis\u00e3o pode ser unilateral. \u00c9 uma constru\u00e7\u00e3o entre mim e Filippelli e tamb\u00e9m com o governador Ibaneis.<\/p>\n<p><strong>Como voc\u00ea lida com as diverg\u00eancias entre Ibaneis e Filippelli?<\/strong><br \/>\nNa verdade, a gente precisa contextualizar. Fui candidata, trabalhei com Ibaneis e Filippelli. No segundo turno, continuei trabalhando na campanha de Ibaneis. O convite para ser secret\u00e1ria foi feito por Ibaneis na sala do Filippelli. Acho que diverg\u00eancias ocorrem dentro e fora de partidos. Mas acredito que podem ser superadas, e que os avan\u00e7os sejam muito maiores. Temos condi\u00e7\u00f5es de construir juntos.<\/p>\n","protected":false},"excerpt":{"rendered":"<p>Em entrevista, a secret\u00e1ria da mulher do GDF, Ericka Filippelli, fala sobre campanha eleitoral, mas diz que o momento ainda \u00e9 de trabalho e entregas<\/p>\n","protected":false},"author":9,"featured_media":169,"comment_status":"open","ping_status":"open","sticky":false,"template":"","format":"standard","meta":{"footnotes":""},"categories":[1],"tags":[90,91],"class_list":["post-168","post","type-post","status-publish","format-standard","has-post-thumbnail","hentry","category-sem-categoria","tag-entrevista","tag-ericka-filippelli"],"_links":{"self":[{"href":"https:\/\/blogs.correiobraziliense.com.br\/eixocapital\/wp-json\/wp\/v2\/posts\/168","targetHints":{"allow":["GET"]}}],"collection":[{"href":"https:\/\/blogs.correiobraziliense.com.br\/eixocapital\/wp-json\/wp\/v2\/posts"}],"about":[{"href":"https:\/\/blogs.correiobraziliense.com.br\/eixocapital\/wp-json\/wp\/v2\/types\/post"}],"author":[{"embeddable":true,"href":"https:\/\/blogs.correiobraziliense.com.br\/eixocapital\/wp-json\/wp\/v2\/users\/9"}],"replies":[{"embeddable":true,"href":"https:\/\/blogs.correiobraziliense.com.br\/eixocapital\/wp-json\/wp\/v2\/comments?post=168"}],"version-history":[{"count":1,"href":"https:\/\/blogs.correiobraziliense.com.br\/eixocapital\/wp-json\/wp\/v2\/posts\/168\/revisions"}],"predecessor-version":[{"id":170,"href":"https:\/\/blogs.correiobraziliense.com.br\/eixocapital\/wp-json\/wp\/v2\/posts\/168\/revisions\/170"}],"wp:featuredmedia":[{"embeddable":true,"href":"https:\/\/blogs.correiobraziliense.com.br\/eixocapital\/wp-json\/wp\/v2\/media\/169"}],"wp:attachment":[{"href":"https:\/\/blogs.correiobraziliense.com.br\/eixocapital\/wp-json\/wp\/v2\/media?parent=168"}],"wp:term":[{"taxonomy":"category","embeddable":true,"href":"https:\/\/blogs.correiobraziliense.com.br\/eixocapital\/wp-json\/wp\/v2\/categories?post=168"},{"taxonomy":"post_tag","embeddable":true,"href":"https:\/\/blogs.correiobraziliense.com.br\/eixocapital\/wp-json\/wp\/v2\/tags?post=168"}],"curies":[{"name":"wp","href":"https:\/\/api.w.org\/{rel}","templated":true}]}}