{"id":1675,"date":"2022-07-15T07:34:10","date_gmt":"2022-07-15T10:34:10","guid":{"rendered":"https:\/\/blogs.correiobraziliense.com.br\/eixocapital\/?p=1675"},"modified":"2022-07-15T07:36:10","modified_gmt":"2022-07-15T10:36:10","slug":"dirigentes-do-uniao-brasil-querem-flavia-arruda-na-corrida-ao-senado","status":"publish","type":"post","link":"https:\/\/blogs.correiobraziliense.com.br\/eixocapital\/2022\/07\/15\/dirigentes-do-uniao-brasil-querem-flavia-arruda-na-corrida-ao-senado\/","title":{"rendered":"Dirigentes do Uni\u00e3o Brasil querem Fl\u00e1via Arruda na corrida ao Senado"},"content":{"rendered":"<p><strong>Coluna Eixo Capital, por Ana Maria Campos<\/strong><\/p>\n<p>O Uni\u00e3o Brasil, partido de Jos\u00e9 Ant\u00f4nio Reguffe, pode lan\u00e7ar uma chapa puro-sangue para o governo. Um dos nomes cotados para vice \u00e9 o presidente regional do partido, Manoel Arruda. Advogado, ele nunca disputou elei\u00e7\u00f5es. Para alguns dirigentes da legenda, tamb\u00e9m seria uma boa ideia lan\u00e7ar, na chapa, a deputada Fl\u00e1via Arruda (PL-DF) como candidata ao Senado. Mas depende de Jos\u00e9 Roberto Arruda (PL) optar pela C\u00e2mara dos Deputados e de Reguffe concordar com essa composi\u00e7\u00e3o.<\/p>\n<p><strong>Na pol\u00edtica?<br \/>\n<\/strong>No PSB, h\u00e1 defensores de uma candidatura da ex-primeira-dama do DF M\u00e1rcia Rollemberg para um cargo majorit\u00e1rio. Possivelmente Senado. A veia pol\u00edtica de M\u00e1rcia ficou evidente no governo do marido, Rodrigo Rollemberg, pela posi\u00e7\u00e3o firme em v\u00e1rios epis\u00f3dios. Mas Rollemberg nunca achou uma boa ideia.<\/p>\n<p><strong>Contagem regressiva<br \/>\n<\/strong>A negocia\u00e7\u00e3o para montagem das chapas chega \u00e0 reta final. Falta exatamente um m\u00eas para o prazo do registro das candidaturas, em 15 de agosto. Est\u00e1 perto, mas nunca esteve t\u00e3o confuso.<\/p>\n<p><strong>Compromisso desfeito<br \/>\n<\/strong>No almo\u00e7o com presidentes de partidos, o governador Ibaneis Rocha (MDB) pediu que a deputada Fl\u00e1via Arruda (PL) apresentasse uma prova de unidade com o projeto de reelei\u00e7\u00e3o do atual governo. Ele queria um v\u00eddeo com um pronunciamento do ex-governador Jos\u00e9 Roberto Arruda (PL) expondo seu caminho nestas elei\u00e7\u00f5es. A grava\u00e7\u00e3o n\u00e3o apareceu, e Ibaneis considerou desfeito o acordo de alian\u00e7a com Fl\u00e1via.<\/p>\n<p><strong>Briga entre tribunais de Contas<br \/>\n<\/strong>O ministro Vital do Rego, do Tribunal de Contas da Uni\u00e3o (TCU), determinou a suspens\u00e3o de pagamentos com recursos federais para custeio de leitos em hospitais de campanha n\u00e3o usados no DF. A pr\u00f3pria Secretaria de Sa\u00fade havia tomado a decis\u00e3o abater 31% do valor do contrato com a empresa Mediall Brasil S\/A para manuten\u00e7\u00e3o dessas unidades de sa\u00fade destinadas a pacientes com covid-19, devido \u00e0 redu\u00e7\u00e3o dos casos e \u00e0 consequente subutiliza\u00e7\u00e3o dos leitos. Mas o Tribunal de Contas do DF acatou uma representa\u00e7\u00e3o da empresa e mandou pagar o valor integral do contrato, de R$ 199 milh\u00f5es. O ministro do TCU, no entanto, acatou a representa\u00e7\u00e3o do procurador J\u00falio Marcelo de Oliveira, do Minist\u00e9rio P\u00fablico de Contas da Uni\u00e3o, e determinou que o GDF n\u00e3o use recursos federais com esse objetivo.<\/p>\n","protected":false},"excerpt":{"rendered":"<p>O Uni\u00e3o Brasil, partido de Reguffe, pode lan\u00e7ar uma chapa puro-sangue para o governo. Um dos nomes cotados para vice \u00e9 o presidente regional Manoel Arruda<\/p>\n","protected":false},"author":9,"featured_media":1676,"comment_status":"open","ping_status":"open","sticky":false,"template":"","format":"standard","meta":{"footnotes":""},"categories":[247],"tags":[29,107,53,136,335,160,74,194,551],"class_list":["post-1675","post","type-post","status-publish","format-standard","has-post-thumbnail","hentry","category-eixo-capital","tag-eleicoes-2022","tag-flavia-arruda","tag-ibaneis-rocha","tag-jose-antonio-reguffe","tag-keka-bagno","tag-leandro-grass","tag-rafael-parente","tag-reguffe","tag-tcu"],"_links":{"self":[{"href":"https:\/\/blogs.correiobraziliense.com.br\/eixocapital\/wp-json\/wp\/v2\/posts\/1675","targetHints":{"allow":["GET"]}}],"collection":[{"href":"https:\/\/blogs.correiobraziliense.com.br\/eixocapital\/wp-json\/wp\/v2\/posts"}],"about":[{"href":"https:\/\/blogs.correiobraziliense.com.br\/eixocapital\/wp-json\/wp\/v2\/types\/post"}],"author":[{"embeddable":true,"href":"https:\/\/blogs.correiobraziliense.com.br\/eixocapital\/wp-json\/wp\/v2\/users\/9"}],"replies":[{"embeddable":true,"href":"https:\/\/blogs.correiobraziliense.com.br\/eixocapital\/wp-json\/wp\/v2\/comments?post=1675"}],"version-history":[{"count":3,"href":"https:\/\/blogs.correiobraziliense.com.br\/eixocapital\/wp-json\/wp\/v2\/posts\/1675\/revisions"}],"predecessor-version":[{"id":1679,"href":"https:\/\/blogs.correiobraziliense.com.br\/eixocapital\/wp-json\/wp\/v2\/posts\/1675\/revisions\/1679"}],"wp:featuredmedia":[{"embeddable":true,"href":"https:\/\/blogs.correiobraziliense.com.br\/eixocapital\/wp-json\/wp\/v2\/media\/1676"}],"wp:attachment":[{"href":"https:\/\/blogs.correiobraziliense.com.br\/eixocapital\/wp-json\/wp\/v2\/media?parent=1675"}],"wp:term":[{"taxonomy":"category","embeddable":true,"href":"https:\/\/blogs.correiobraziliense.com.br\/eixocapital\/wp-json\/wp\/v2\/categories?post=1675"},{"taxonomy":"post_tag","embeddable":true,"href":"https:\/\/blogs.correiobraziliense.com.br\/eixocapital\/wp-json\/wp\/v2\/tags?post=1675"}],"curies":[{"name":"wp","href":"https:\/\/api.w.org\/{rel}","templated":true}]}}