{"id":1660,"date":"2022-07-12T07:20:13","date_gmt":"2022-07-12T10:20:13","guid":{"rendered":"https:\/\/blogs.correiobraziliense.com.br\/eixocapital\/?p=1660"},"modified":"2022-07-12T07:20:13","modified_gmt":"2022-07-12T10:20:13","slug":"aliados-no-df-vao-discursar-no-evento-de-lula-hoje","status":"publish","type":"post","link":"https:\/\/blogs.correiobraziliense.com.br\/eixocapital\/2022\/07\/12\/aliados-no-df-vao-discursar-no-evento-de-lula-hoje\/","title":{"rendered":"Aliados no DF v\u00e3o discursar no evento de Lula, hoje"},"content":{"rendered":"<p><strong>Coluna Eixo Capital, por Ana Maria Campos<\/strong><\/p>\n<p>Uma reuni\u00e3o da c\u00fapula da campanha do Lula com representantes das pr\u00e9-candidaturas da federa\u00e7\u00e3o PT-PV-PCdoB no DF definiu, ontem, como deve ser a participa\u00e7\u00e3o dos pol\u00edticos no <a href=\"https:\/\/www.correiobraziliense.com.br\/politica\/2022\/07\/5021511-com-forte-esquema-de-seguranca-lula-confirma-presenca-em-ato-no-df.html\"><strong>ato desta tarde no Centro de Conven\u00e7\u00f5es Ulysses Guimar\u00e3es<\/strong><\/a>. Antes de Lula e de Geraldo Alckmin (PSB), falam os presidentes nacionais e regionais de partidos aliados, ou os representantes dessas legendas, e os pr\u00e9-candidatos da federa\u00e7\u00e3o ao governo, Leandro Grass (PV), e ao Senado, Rosilene Corr\u00eaa. O PSB-DF escolheu seu pr\u00e9-candidato ao Buriti, Rafael Parente, para o discurso. Pelo PSol-DF, fala Keka Bagno, o nome do partido para a corrida ao GDF, e pela Rede-DF, Pedro Ivo, pr\u00e9-candidato ao Senado.<\/p>\n<p><strong>Prioridades do PSB<br \/>\n<\/strong>Na reuni\u00e3o de ontem, Gilberto Carvalho, da coordena\u00e7\u00e3o nacional da campanha de Lula, deixou claro que a prioridade s\u00e3o os pr\u00e9-candidatos da federa\u00e7\u00e3o PT-PV-PCdoB, Leandro Grass e Rosilene Corr\u00eaa, e disse que nem PSB nem a federa\u00e7\u00e3o PSol-Rede reivindicaram a candidatura ao governo no DF. Ou seja, segundo Carvalho, em nenhum momento, Rafael Parente foi colocado como alternativa pelo PSB nacionalmente. \u00c9 que a legenda tem outras prioridades para governos, como Pernambuco e Esp\u00edrito Santo. A aposta do PSB \u00e9 destinar recursos do Fundo Eleitoral para as campanhas de deputados federais. Mas o PSB-DF quer a candidatura de Parente ou uma alian\u00e7a com o senador Jos\u00e9 Ant\u00f4nio Reguffe (Uni\u00e3o). Parente vai aplicar recursos pr\u00f3prios e quer captar colabora\u00e7\u00f5es com apoiadores para aplicar na sua campanha.<\/p>\n<h3><strong>Emenda garante equipamentos para cirurgias cardiol\u00f3gicas<\/strong><\/h3>\n<p>Gra\u00e7as a uma emenda parlamentar, do deputado distrital Eduardo Pedrosa (Uni\u00e3o Brasil), o Instituto de Cardiologia e Transplante do DF adquiriu medidores multipar\u00e2metros, respons\u00e1veis pelo monitoramento dos sinais vitais dos pacientes. Sem os aparelhos, as cirurgias poderiam ser suspensas, pois n\u00e3o seria poss\u00edvel avaliar e monitorar os pacientes.<\/p>\n<p><strong>Apoio a quem for com Lula<br \/>\n<\/strong>O deputado <a href=\"https:\/\/www.correiobraziliense.com.br\/cidades-df\/2022\/07\/5021472-sera-seguro-chico-vigilante-sobre-presenca-de-lula-em-brasilia.html\"><strong>Chico Vigilante (PT)<\/strong><\/a> deixou claro ontem: se Leandro Grass, da federa\u00e7\u00e3o PT-PV-PCdoB, n\u00e3o estiver no segundo turno das elei\u00e7\u00f5es, seu voto ser\u00e1 no candidato ao Pal\u00e1cio do Buriti que apoiar Lula.<\/p>\n<p><strong>For\u00e7a a Agnelo<br \/>\n<\/strong>Chico Vigilante defende que o PT permita a candidatura do ex-governador Agnelo Queiroz \u00e0 C\u00e2mara dos Deputados, mesmo com d\u00favidas sobre a elegibilidade.<\/p>\n<p><strong>Teste de alian\u00e7a<br \/>\n<\/strong>O governador Ibaneis Rocha (MDB) pretende reunir presidentes de partidos que apoiam seu governo amanh\u00e3 para uma avalia\u00e7\u00e3o do cen\u00e1rio eleitoral, com a poss\u00edvel entrada de Jos\u00e9 Roberto Arruda (PL) na disputa eleitoral. O encontro ser\u00e1 na casa de Ibaneis, no Lago Sul. O emedebista quer saber com quem poder\u00e1 contar na campanha \u00e0 reelei\u00e7\u00e3o.<\/p>\n<p><strong>Convoca\u00e7\u00e3o<br \/>\n<\/strong>O presidente do MDB-DF, Rafael Prudente, est\u00e1 convocando os comandos dos partidos. Ser\u00e3o chamados os presidentes do PP, Celina Le\u00e3o; do PSD, Paulo Oct\u00e1vio; do Republicanos, Wanderley Tavares; do Avante, Paco Britto; do PL, Fl\u00e1via Arruda; e demais dirigentes de legendas da base.<\/p>\n<p><strong>S\u00f3 Papos<\/strong><\/p>\n<blockquote><p>&#8220;Um crime lament\u00e1vel aconteceu. Aconteceu, sim. Agora, outro crime lament\u00e1vel \u00e9 envolver o presidente no epis\u00f3dio: distor\u00e7\u00e3o, manipula\u00e7\u00e3o&#8221;<\/p>\n<p><strong>Ciro Nogueira, ministro-chefe da Casa Civil<\/strong><\/p>\n<p>&#8220;A escalada de viol\u00eancia pol\u00edtica que vemos, hoje, no Brasil tem nome, Jair Bolsonaro. Esse ser desprez\u00edvel, violento, a besta, que tanto mal faz ao Brasil, ao povo e \u00e0 democracia&#8221;<\/p>\n<p><strong>Gleisi Hoffmann, presidente do PT<\/strong><\/p><\/blockquote>\n","protected":false},"excerpt":{"rendered":"<p>Antes de Lula e de Alckmin, falam os presidentes de partidos aliados e os pr\u00e9-candidatos ao GDF, Leandro Grass, e ao Senado, Rosilene Corr\u00eaa<\/p>\n","protected":false},"author":9,"featured_media":1661,"comment_status":"open","ping_status":"open","sticky":false,"template":"","format":"standard","meta":{"footnotes":""},"categories":[247],"tags":[259,387,29,53,160,433,203],"class_list":["post-1660","post","type-post","status-publish","format-standard","has-post-thumbnail","hentry","category-eixo-capital","tag-agnelo-queiroz","tag-chico-vigilante","tag-eleicoes-2022","tag-ibaneis-rocha","tag-leandro-grass","tag-lula","tag-rosilene-correa"],"_links":{"self":[{"href":"https:\/\/blogs.correiobraziliense.com.br\/eixocapital\/wp-json\/wp\/v2\/posts\/1660","targetHints":{"allow":["GET"]}}],"collection":[{"href":"https:\/\/blogs.correiobraziliense.com.br\/eixocapital\/wp-json\/wp\/v2\/posts"}],"about":[{"href":"https:\/\/blogs.correiobraziliense.com.br\/eixocapital\/wp-json\/wp\/v2\/types\/post"}],"author":[{"embeddable":true,"href":"https:\/\/blogs.correiobraziliense.com.br\/eixocapital\/wp-json\/wp\/v2\/users\/9"}],"replies":[{"embeddable":true,"href":"https:\/\/blogs.correiobraziliense.com.br\/eixocapital\/wp-json\/wp\/v2\/comments?post=1660"}],"version-history":[{"count":1,"href":"https:\/\/blogs.correiobraziliense.com.br\/eixocapital\/wp-json\/wp\/v2\/posts\/1660\/revisions"}],"predecessor-version":[{"id":1662,"href":"https:\/\/blogs.correiobraziliense.com.br\/eixocapital\/wp-json\/wp\/v2\/posts\/1660\/revisions\/1662"}],"wp:featuredmedia":[{"embeddable":true,"href":"https:\/\/blogs.correiobraziliense.com.br\/eixocapital\/wp-json\/wp\/v2\/media\/1661"}],"wp:attachment":[{"href":"https:\/\/blogs.correiobraziliense.com.br\/eixocapital\/wp-json\/wp\/v2\/media?parent=1660"}],"wp:term":[{"taxonomy":"category","embeddable":true,"href":"https:\/\/blogs.correiobraziliense.com.br\/eixocapital\/wp-json\/wp\/v2\/categories?post=1660"},{"taxonomy":"post_tag","embeddable":true,"href":"https:\/\/blogs.correiobraziliense.com.br\/eixocapital\/wp-json\/wp\/v2\/tags?post=1660"}],"curies":[{"name":"wp","href":"https:\/\/api.w.org\/{rel}","templated":true}]}}