{"id":1637,"date":"2022-07-06T07:35:48","date_gmt":"2022-07-06T10:35:48","guid":{"rendered":"https:\/\/blogs.correiobraziliense.com.br\/eixocapital\/?p=1637"},"modified":"2022-07-06T07:35:48","modified_gmt":"2022-07-06T10:35:48","slug":"filho-de-izalci-lucas-segue-os-passos-do-pai","status":"publish","type":"post","link":"https:\/\/blogs.correiobraziliense.com.br\/eixocapital\/2022\/07\/06\/filho-de-izalci-lucas-segue-os-passos-do-pai\/","title":{"rendered":"Filho de Izalci Lucas segue os passos do pai"},"content":{"rendered":"<p><strong>Coluna Eixo Capital, por Ana Maria Campos<\/strong><\/p>\n<p>Contador como o pai, tucano como o pai, Sergio Izalci adotou o nome do pai para trilhar o mesmo caminho da pol\u00edtica. Filho do senador Izalci Lucas, Sergio Ferreira \u00e9 secret\u00e1rio-geral do diret\u00f3rio do PSDB-DF e pr\u00e9-candidato a deputado federal.<\/p>\n<p><strong>Passo para a direita<br \/>\n<\/strong>Para o ex-senador Cristovam Buarque (Cidadania-DF), Izalci Lucas n\u00e3o aceitar\u00e1 um acordo para retirar a candidatura ao governo. &#8220;Sempre fui contra o Cidadania se aliar com qualquer partido em uma federa\u00e7\u00e3o, porque perdemos a autonomia para decidir os nossos rumos&#8221;, afirma Cristovam. &#8220;E, com todo o respeito a v\u00e1rios tucanos, acho que foi um erro fazer federa\u00e7\u00e3o com o PSDB, porque demos um passo para a direita&#8221;, acrescenta.<\/p>\n","protected":false},"excerpt":{"rendered":"<p>Filho do senador Izalci Lucas, Sergio Ferreira \u00e9 secret\u00e1rio-geral do diret\u00f3rio do PSDB-DF e pr\u00e9-candidato a deputado federal.<\/p>\n","protected":false},"author":9,"featured_media":1638,"comment_status":"open","ping_status":"open","sticky":false,"template":"","format":"standard","meta":{"footnotes":""},"categories":[247],"tags":[29,60,550],"class_list":["post-1637","post","type-post","status-publish","format-standard","has-post-thumbnail","hentry","category-eixo-capital","tag-eleicoes-2022","tag-izalci-lucas","tag-sergio-izalci"],"_links":{"self":[{"href":"https:\/\/blogs.correiobraziliense.com.br\/eixocapital\/wp-json\/wp\/v2\/posts\/1637","targetHints":{"allow":["GET"]}}],"collection":[{"href":"https:\/\/blogs.correiobraziliense.com.br\/eixocapital\/wp-json\/wp\/v2\/posts"}],"about":[{"href":"https:\/\/blogs.correiobraziliense.com.br\/eixocapital\/wp-json\/wp\/v2\/types\/post"}],"author":[{"embeddable":true,"href":"https:\/\/blogs.correiobraziliense.com.br\/eixocapital\/wp-json\/wp\/v2\/users\/9"}],"replies":[{"embeddable":true,"href":"https:\/\/blogs.correiobraziliense.com.br\/eixocapital\/wp-json\/wp\/v2\/comments?post=1637"}],"version-history":[{"count":1,"href":"https:\/\/blogs.correiobraziliense.com.br\/eixocapital\/wp-json\/wp\/v2\/posts\/1637\/revisions"}],"predecessor-version":[{"id":1639,"href":"https:\/\/blogs.correiobraziliense.com.br\/eixocapital\/wp-json\/wp\/v2\/posts\/1637\/revisions\/1639"}],"wp:featuredmedia":[{"embeddable":true,"href":"https:\/\/blogs.correiobraziliense.com.br\/eixocapital\/wp-json\/wp\/v2\/media\/1638"}],"wp:attachment":[{"href":"https:\/\/blogs.correiobraziliense.com.br\/eixocapital\/wp-json\/wp\/v2\/media?parent=1637"}],"wp:term":[{"taxonomy":"category","embeddable":true,"href":"https:\/\/blogs.correiobraziliense.com.br\/eixocapital\/wp-json\/wp\/v2\/categories?post=1637"},{"taxonomy":"post_tag","embeddable":true,"href":"https:\/\/blogs.correiobraziliense.com.br\/eixocapital\/wp-json\/wp\/v2\/tags?post=1637"}],"curies":[{"name":"wp","href":"https:\/\/api.w.org\/{rel}","templated":true}]}}