{"id":1623,"date":"2022-07-01T07:24:40","date_gmt":"2022-07-01T10:24:40","guid":{"rendered":"https:\/\/blogs.correiobraziliense.com.br\/eixocapital\/?p=1623"},"modified":"2022-07-01T07:24:40","modified_gmt":"2022-07-01T10:24:40","slug":"andreia-moura-precisamos-de-representantes-preparadas-e-sensiveis-as-causas-humanas","status":"publish","type":"post","link":"https:\/\/blogs.correiobraziliense.com.br\/eixocapital\/2022\/07\/01\/andreia-moura-precisamos-de-representantes-preparadas-e-sensiveis-as-causas-humanas\/","title":{"rendered":"Andr\u00e9ia Moura: &#8216;&#8221;Precisamos de representantes preparadas e sens\u00edveis \u00e0s causas humanas&#8221;"},"content":{"rendered":"<p><strong>\u00c0 queima-roupa \/\/ Andr\u00e9ia Moura, presidente do PSDB Mulher-DF, coordenadora do PSDB Mulher nacional para a regi\u00e3o Centro-Oeste<\/strong><\/p>\n<p><strong>por Ana Maria Campos<\/strong><\/p>\n<p><strong>Como o PSDB-Mulher est\u00e1 se preparando para disputar a elei\u00e7\u00e3o de outubro pr\u00f3ximo?<br \/>\n<\/strong>Estamos sempre em movimento, mesmo na pandemia. Sob a lideran\u00e7a da presidente nacional do PSDB Mulher, a ex-governadora Yeda Crusius, criamos uma plataforma online para forma\u00e7\u00e3o pol\u00edtica e promovemos semin\u00e1rios virtuais de prepara\u00e7\u00e3o das tucanas. Neste ano, em diversos estados e no Distrito Federal, realizamos a &#8220;For\u00e7a Tarefa: Mulheres que Constroem um Brasil Melhor&#8221;, capacitando as filiadas e pr\u00e9-candidatas. Aqui no DF, estamos desenvolvendo um EAD de Forma\u00e7\u00e3o Pol\u00edtica e realizando nas cidades palestras e debates dobre a import\u00e2ncia da participa\u00e7\u00e3o de mais mulheres na pol\u00edtica pela igualdade.<\/p>\n<p><strong>Como ser\u00e1 resolvida a quest\u00e3o da Federa\u00e7\u00e3o PSDB\/ Cidadania?<br \/>\n<\/strong>O Estatuto da Federa\u00e7\u00e3o \u00e9 claro em seus artigos e passa pela decis\u00e3o da Federa\u00e7\u00e3o Nacional, presidida pelo presidente do PSDB Nacional, Bruno Ara\u00fajo, que j\u00e1 convocou toda a Executiva da Federa\u00e7\u00e3o para decidir a coordena\u00e7\u00e3o do processo pol\u00edtico majorit\u00e1rio e proporcional no Distrito Federal. Temos a certeza de que o comando ser\u00e1 do senador Izalci, nosso pr\u00e9-candidato ao Governo do DF.<\/p>\n<p><strong>A disputa pelo poder entre o senador Izalci (PSDB) e a deputada Paula Belmonte (Cidadania) n\u00e3o atrapalha as candidaturas femininas aqui em Bras\u00edlia?<br \/>\n<\/strong>N\u00e3o atrapalha. Nossas pr\u00e9-candidatas e filiadas participam dos acontecimentos partid\u00e1rios, est\u00e3o cientes do processo e continuam ativas, apoiando o PSDB e o Senador Izalci.<\/p>\n<p><strong>Como o PSDB-Mulher de Bras\u00edlia est\u00e1 se preparando para compor a chapa feminina na elei\u00e7\u00e3o?<br \/>\n<\/strong>Estamos trabalhando pela meta 50\/50 com o apoio do senador Izalci. Considerando o grande n\u00famero de pr\u00e9-candidatas\/os que temos, de forma democr\u00e1tica, constitu\u00edmos um ranking, em que cada uma e cada um pontuar\u00e1 conforme o desenvolvimento de seu trabalho pol\u00edtico, concorrendo em p\u00e9 de igualdade, oportunizando de forma merit\u00f3ria para a conquista da vaga.<\/p>\n<p><strong>Qual a sua avalia\u00e7\u00e3o sobre o papel da mulher na pol\u00edtica brasileira e na pol\u00edtica local?<br \/>\n<\/strong>Somos a maioria do eleitorado no Brasil e, no DF, com essa conquista vem a responsabilidade de escolhermos as representantes que conduzir\u00e3o pelos pr\u00f3ximos quatro anos as pol\u00edticas p\u00fablicas que efetivamente atendam as pessoas mais necessitadas. Vivemos numa pandemia de covid-19 com infla\u00e7\u00e3o, desemprego e fome no Brasil. Mais do que nunca, precisamos de representantes preparadas e sens\u00edveis \u00e0s causas humanas na gest\u00e3o do Brasil e do Distrito Federal.<\/p>\n<p><strong>A bancada feminina do DF \u00e9 uma das maiores, proporcionalmente, entre os estados brasileiros. Qual a explica\u00e7\u00e3o que a senhora tem pra isso?<br \/>\n<\/strong>Avan\u00e7amos com a maioria na bancada federal do DF, mas somos a minoria na C\u00e2mara Legislativa. Das 24 cadeiras, somente tr\u00eas mulheres foram eleitas em 2018, uma realidade que precisa ser mudada. Com a mudan\u00e7a na legisla\u00e7\u00e3o, o PSDB j\u00e1 est\u00e1 investindo na prepara\u00e7\u00e3o e na campanha de suas candidatas, considerando que os votos em mulheres e negros contar\u00e3o o dobro para a C\u00e2mara Federal, para fins de distribui\u00e7\u00e3o dos recursos do fundo partid\u00e1rio e eleitoral. Em 2018, o PSDB Mulher gerenciou os recursos partid\u00e1rios e eleitorais destinados \u00e0s mulheres e conseguiu eleger a maior bancada federal feminina do Brasil. Este ano queremos repetir e aumentar o feito com mais tucanas eleitas por seus estados e Distrito Federal.<\/p>\n","protected":false},"excerpt":{"rendered":"<p>A presidente do PSDB Mulher-DF, Andr\u00e9ia Moura, defende a paridade entre as candidaturas masculinas e femininas e cita o PSDB como exemplo dessa igualdade<\/p>\n","protected":false},"author":9,"featured_media":1624,"comment_status":"open","ping_status":"open","sticky":false,"template":"","format":"standard","meta":{"footnotes":""},"categories":[1],"tags":[548,29],"class_list":["post-1623","post","type-post","status-publish","format-standard","has-post-thumbnail","hentry","category-sem-categoria","tag-andreia-moura","tag-eleicoes-2022"],"_links":{"self":[{"href":"https:\/\/blogs.correiobraziliense.com.br\/eixocapital\/wp-json\/wp\/v2\/posts\/1623","targetHints":{"allow":["GET"]}}],"collection":[{"href":"https:\/\/blogs.correiobraziliense.com.br\/eixocapital\/wp-json\/wp\/v2\/posts"}],"about":[{"href":"https:\/\/blogs.correiobraziliense.com.br\/eixocapital\/wp-json\/wp\/v2\/types\/post"}],"author":[{"embeddable":true,"href":"https:\/\/blogs.correiobraziliense.com.br\/eixocapital\/wp-json\/wp\/v2\/users\/9"}],"replies":[{"embeddable":true,"href":"https:\/\/blogs.correiobraziliense.com.br\/eixocapital\/wp-json\/wp\/v2\/comments?post=1623"}],"version-history":[{"count":1,"href":"https:\/\/blogs.correiobraziliense.com.br\/eixocapital\/wp-json\/wp\/v2\/posts\/1623\/revisions"}],"predecessor-version":[{"id":1625,"href":"https:\/\/blogs.correiobraziliense.com.br\/eixocapital\/wp-json\/wp\/v2\/posts\/1623\/revisions\/1625"}],"wp:featuredmedia":[{"embeddable":true,"href":"https:\/\/blogs.correiobraziliense.com.br\/eixocapital\/wp-json\/wp\/v2\/media\/1624"}],"wp:attachment":[{"href":"https:\/\/blogs.correiobraziliense.com.br\/eixocapital\/wp-json\/wp\/v2\/media?parent=1623"}],"wp:term":[{"taxonomy":"category","embeddable":true,"href":"https:\/\/blogs.correiobraziliense.com.br\/eixocapital\/wp-json\/wp\/v2\/categories?post=1623"},{"taxonomy":"post_tag","embeddable":true,"href":"https:\/\/blogs.correiobraziliense.com.br\/eixocapital\/wp-json\/wp\/v2\/tags?post=1623"}],"curies":[{"name":"wp","href":"https:\/\/api.w.org\/{rel}","templated":true}]}}