{"id":1618,"date":"2022-06-30T07:30:00","date_gmt":"2022-06-30T10:30:00","guid":{"rendered":"https:\/\/blogs.correiobraziliense.com.br\/eixocapital\/?p=1618"},"modified":"2022-06-30T07:30:00","modified_gmt":"2022-06-30T10:30:00","slug":"federacao-vai-escolher-vice-de-leandro-grass-na-corrida-ao-gdf","status":"publish","type":"post","link":"https:\/\/blogs.correiobraziliense.com.br\/eixocapital\/2022\/06\/30\/federacao-vai-escolher-vice-de-leandro-grass-na-corrida-ao-gdf\/","title":{"rendered":"Federa\u00e7\u00e3o vai escolher vice de Leandro Grass na corrida ao GDF"},"content":{"rendered":"<p><strong>Coluna Eixo Capital, por Ana Maria Campos<\/strong><\/p>\n<p>A federa\u00e7\u00e3o formada pelo PT-PV-PCdoB vai se reunir hoje para fechar o nome para vice do deputado distrital Leandro Grass (PV) na disputa ao Pal\u00e1cio do Buriti. Como o PT j\u00e1 escolheu a diretora do Sindicato dos Professores (Sinpro-DF) Rosilene Corr\u00eaa para a corrida ao Senado, o PCdoB deve ficar com o cargo. O presidente do partido no DF, Jo\u00e3o Vicente Goulart, e a decana de extens\u00e3o da UnB Olgamir Amancio s\u00e3o os nomes mais cotados. Participam da reuni\u00e3o representantes dos tr\u00eas partidos.<\/p>\n<h3>Mandado de seguran\u00e7a para tentar garantir recomposi\u00e7\u00e3o<\/h3>\n<p>O deputado Lu\u00eds Miranda (Republicanos-DF) decidiu entrar na Justi\u00e7a com Mandado de Seguran\u00e7a para tentar garantir a <a href=\"https:\/\/www.correiobraziliense.com.br\/cidades-df\/2022\/06\/5018899-forcas-de-seguranca-do-df-reagem-a-possibilidade-de-nao-terem-reajuste.html\"><strong>recomposi\u00e7\u00e3o salarial das for\u00e7as de seguran\u00e7a do DF<\/strong><\/a>. O principal argumento da a\u00e7\u00e3o \u00e9 que, ao n\u00e3o dar andamento ao aumento de 10%, a Presid\u00eancia da Rep\u00fablica desrespeita o Pacto Federativo, uma vez que o Governo do Distrito Federal enviou mensagem manifestando-se a favor do pleito e o Fundo Constitucional do DF tem recursos suficientes para cumprir com a proposta.<\/p>\n<p><strong>Emendas autorizam a cria\u00e7\u00e3o de verbas indenizat\u00f3rias para a PCDF<br \/>\n<\/strong>A C\u00e2mara Legislativa aprovou emendas ao Projeto de Lei das Diretrizes Or\u00e7ament\u00e1rias (LDO) que autorizam a cria\u00e7\u00e3o do aux\u00edlio-moradia e do sobreaviso indenizado aos policiais civis do Distrito Federal. As emendas s\u00e3o de autoria do presidente da C\u00e2mara, Rafael Prudente (MDB), e autorizam que o GDF, com recursos pr\u00f3prios, possa instituir a concess\u00e3o desses benef\u00edcios para os policiais civis em 2023. Caso a recomposi\u00e7\u00e3o salarial da categoria n\u00e3o ocorra, o aux\u00edlio-moradia poder\u00e1 constar no or\u00e7amento do GDF para o pr\u00f3ximo ano. &#8220;A concess\u00e3o destes benef\u00edcios busca amenizar as perdas salariais dos policiais civis e nossa diretoria lutar\u00e1 para que essa demanda se torne realidade em 2023&#8221;, destacou o presidente do Sinpol-DF, Enoque Ven\u00e2ncio. Com a autoriza\u00e7\u00e3o na LDO, o pr\u00f3ximo passo ser\u00e1 a sua previs\u00e3o na Lei Or\u00e7ament\u00e1ria Anual (LOA) de 2023, com vota\u00e7\u00e3o prevista para o segundo semestre de 2022.<\/p>\n<p><strong>Campanha 99<br \/>\n<\/strong>O ex-deputado e ex-diretor da Pol\u00edcia Civil Laerte Bessa diz que delegados na ativa e aposentados querem deflagrar a &#8220;Opera\u00e7\u00e3o 99&#8221;. Segundo ele, \u00e9 uma campanha contra a reelei\u00e7\u00e3o do governador Ibaneis Rocha (MDB), aos moldes do que ocorreu em 1998 quando Joaquim Roriz derrotou Cristovam Buarque, ent\u00e3o candidato \u00e0 reelei\u00e7\u00e3o pelo PT, e assumiu o governo no ano seguinte. &#8220;Cristovam n\u00e3o prestigiava a Pol\u00edcia Civil e, ent\u00e3o, fizemos campanha para derrot\u00e1-lo&#8221;, afirma Bessa. Uma primeira reuni\u00e3o deve ocorrer hoje.<\/p>\n<p><strong>Marcha para Jesus deve reunir 50 mil fi\u00e9is<br \/>\n<\/strong>Com a participa\u00e7\u00e3o do presidente Jair Bolsonaro, a Marcha para Jesus deve reunir cerca de 50 mil pessoas em Bras\u00edlia neste s\u00e1bado. O evento tamb\u00e9m contar\u00e1 com a presen\u00e7a do governador Ibaneis Rocha e de ministros e ex-ministros do governo federal. Com o tema &#8220;Pela fam\u00edlia, pelo Brasil&#8221;, a Marcha ter\u00e1 concentra\u00e7\u00e3o na Pra\u00e7a do Buriti, a partir das 9h. Os fi\u00e9is v\u00e3o percorrer a Esplanada dos Minist\u00e9rios at\u00e9 a Pra\u00e7a dos Tr\u00eas Poderes, onde est\u00e3o programados shows do cantor Davi Sacer e de outros artistas locais.<\/p>\n<p><strong>De projeto local a nacional<br \/>\n<\/strong>No PDT, cresce a torcida para que a senadora Leila Barros (PDT-DF) seja lan\u00e7ada como vice na chapa de Ciro Gomes. A avalia\u00e7\u00e3o \u00e9 de que Leila \u00e9 um nome forte e re\u00fane qualidades para o posto, sendo uma das melhores op\u00e7\u00f5es internas. Mas Leila \u00e9 pr\u00e9-candidata ao Pal\u00e1cio do Buriti. Teria de desistir desse projeto local.<\/p>\n<p><strong>Possibilidade<br \/>\n<\/strong>Um dos nomes cotados para concorrer ao Senado pelo Uni\u00e3o Brasil \u00e9 o da atriz Maria Paula Fidalgo, integrante do extinto programa Casseta &amp; Planeta.<\/p>\n","protected":false},"excerpt":{"rendered":"<p>Como o PT j\u00e1 escolheu a diretora do Sindicato dos Professores (Sinpro-DF) Rosilene Corr\u00eaa para a corrida ao Senado, o PCdoB deve ficar com o cargo<\/p>\n","protected":false},"author":9,"featured_media":0,"comment_status":"open","ping_status":"open","sticky":false,"template":"","format":"standard","meta":{"footnotes":""},"categories":[247],"tags":[70,29,328,245,160,545],"class_list":["post-1618","post","type-post","status-publish","format-standard","hentry","category-eixo-capital","tag-camara-legislativa","tag-eleicoes-2022","tag-forcas-de-seguranca","tag-ldo","tag-leandro-grass","tag-operacao-99"],"_links":{"self":[{"href":"https:\/\/blogs.correiobraziliense.com.br\/eixocapital\/wp-json\/wp\/v2\/posts\/1618","targetHints":{"allow":["GET"]}}],"collection":[{"href":"https:\/\/blogs.correiobraziliense.com.br\/eixocapital\/wp-json\/wp\/v2\/posts"}],"about":[{"href":"https:\/\/blogs.correiobraziliense.com.br\/eixocapital\/wp-json\/wp\/v2\/types\/post"}],"author":[{"embeddable":true,"href":"https:\/\/blogs.correiobraziliense.com.br\/eixocapital\/wp-json\/wp\/v2\/users\/9"}],"replies":[{"embeddable":true,"href":"https:\/\/blogs.correiobraziliense.com.br\/eixocapital\/wp-json\/wp\/v2\/comments?post=1618"}],"version-history":[{"count":1,"href":"https:\/\/blogs.correiobraziliense.com.br\/eixocapital\/wp-json\/wp\/v2\/posts\/1618\/revisions"}],"predecessor-version":[{"id":1619,"href":"https:\/\/blogs.correiobraziliense.com.br\/eixocapital\/wp-json\/wp\/v2\/posts\/1618\/revisions\/1619"}],"wp:attachment":[{"href":"https:\/\/blogs.correiobraziliense.com.br\/eixocapital\/wp-json\/wp\/v2\/media?parent=1618"}],"wp:term":[{"taxonomy":"category","embeddable":true,"href":"https:\/\/blogs.correiobraziliense.com.br\/eixocapital\/wp-json\/wp\/v2\/categories?post=1618"},{"taxonomy":"post_tag","embeddable":true,"href":"https:\/\/blogs.correiobraziliense.com.br\/eixocapital\/wp-json\/wp\/v2\/tags?post=1618"}],"curies":[{"name":"wp","href":"https:\/\/api.w.org\/{rel}","templated":true}]}}