{"id":1611,"date":"2022-06-29T08:18:20","date_gmt":"2022-06-29T11:18:20","guid":{"rendered":"https:\/\/blogs.correiobraziliense.com.br\/eixocapital\/?p=1611"},"modified":"2022-06-29T08:18:20","modified_gmt":"2022-06-29T11:18:20","slug":"e-cada-vez-mais-remota-uma-alianca-entre-grass-pt-e-parente-psb","status":"publish","type":"post","link":"https:\/\/blogs.correiobraziliense.com.br\/eixocapital\/2022\/06\/29\/e-cada-vez-mais-remota-uma-alianca-entre-grass-pt-e-parente-psb\/","title":{"rendered":"\u00c9 cada vez mais remota uma alian\u00e7a entre Grass (PT) e Parente (PSB)"},"content":{"rendered":"<p><strong>Coluna Eixo Capital, por Ana Maria Campos<\/strong><\/p>\n<p>Integrantes da campanha de Leandro Grass, pr\u00e9-candidato do PV ao governo do Distrito Federal, asseguram: n\u00e3o h\u00e1 nenhuma chance de abrir negocia\u00e7\u00e3o para que <a href=\"https:\/\/www.correiobraziliense.com.br\/cidades-df\/2022\/06\/5018541-rafael-parente-admite-possivel-aproximacao-de-reguffe-na-corrida-ao-buriti.html\"><strong>Rafael Parente (PSB)<\/strong><\/a> seja o 01 da chapa. Parente, por sua vez, afirma que n\u00e3o ser\u00e1, de forma alguma, vice de Leandro. Assim, a possibilidade de acordo \u00e9 pequena.<\/p>\n<p><strong>Confian\u00e7a<br \/>\n<\/strong>A entrevista de Rafael Parente ao <em>CB Poder<\/em> ontem foi interpretada como uma resposta para o convite para o PSB integrar a chapa liderada por Leandro Grass, da federa\u00e7\u00e3o PT-PV-PCdoB. Uma resposta negativa. Na entrevista, Parente disse que Reguffe \u00e9 um dos pol\u00edticos em quem mais confia.<\/p>\n<p><strong>D\u00favida cruel<br \/>\n<\/strong>O presidente do Uni\u00e3o Brasil-DF, Manoel Arruda, disse ontem que a medida mais dif\u00edcil hoje na campanha de Reguffe \u00e9 escolher o vice. &#8220;Muita gente est\u00e1 querendo&#8221;, disse \u00e0 coluna.<\/p>\n<h3>Encontros pr\u00e9-eleitorais<\/h3>\n<p>O presidente do TRE-DF, desembargador Roberval Belinati, tem mantido contato com autoridades p\u00fablicas em visitas institucionais para chegar nas elei\u00e7\u00f5es com todos os tr\u00e2mites amarrados, com menos riscos de atropelos. Na \u00faltima sexta-feira, Belinati esteve com o diretor-executivo da Pol\u00edcia Federal, Sandro Avelar, e, nesta segunda-feira, com o presidente da Codeplan, Jean Lima.<\/p>\n","protected":false},"excerpt":{"rendered":"<p>Integrantes da campanha de Leandro Grass asseguram: n\u00e3o h\u00e1 nenhuma chance de abrir negocia\u00e7\u00e3o para que Rafael Parente (PSB) seja o 01 da chapa<\/p>\n","protected":false},"author":9,"featured_media":1612,"comment_status":"open","ping_status":"open","sticky":false,"template":"","format":"standard","meta":{"footnotes":""},"categories":[247],"tags":[29,160,74,194],"class_list":["post-1611","post","type-post","status-publish","format-standard","has-post-thumbnail","hentry","category-eixo-capital","tag-eleicoes-2022","tag-leandro-grass","tag-rafael-parente","tag-reguffe"],"_links":{"self":[{"href":"https:\/\/blogs.correiobraziliense.com.br\/eixocapital\/wp-json\/wp\/v2\/posts\/1611","targetHints":{"allow":["GET"]}}],"collection":[{"href":"https:\/\/blogs.correiobraziliense.com.br\/eixocapital\/wp-json\/wp\/v2\/posts"}],"about":[{"href":"https:\/\/blogs.correiobraziliense.com.br\/eixocapital\/wp-json\/wp\/v2\/types\/post"}],"author":[{"embeddable":true,"href":"https:\/\/blogs.correiobraziliense.com.br\/eixocapital\/wp-json\/wp\/v2\/users\/9"}],"replies":[{"embeddable":true,"href":"https:\/\/blogs.correiobraziliense.com.br\/eixocapital\/wp-json\/wp\/v2\/comments?post=1611"}],"version-history":[{"count":1,"href":"https:\/\/blogs.correiobraziliense.com.br\/eixocapital\/wp-json\/wp\/v2\/posts\/1611\/revisions"}],"predecessor-version":[{"id":1613,"href":"https:\/\/blogs.correiobraziliense.com.br\/eixocapital\/wp-json\/wp\/v2\/posts\/1611\/revisions\/1613"}],"wp:featuredmedia":[{"embeddable":true,"href":"https:\/\/blogs.correiobraziliense.com.br\/eixocapital\/wp-json\/wp\/v2\/media\/1612"}],"wp:attachment":[{"href":"https:\/\/blogs.correiobraziliense.com.br\/eixocapital\/wp-json\/wp\/v2\/media?parent=1611"}],"wp:term":[{"taxonomy":"category","embeddable":true,"href":"https:\/\/blogs.correiobraziliense.com.br\/eixocapital\/wp-json\/wp\/v2\/categories?post=1611"},{"taxonomy":"post_tag","embeddable":true,"href":"https:\/\/blogs.correiobraziliense.com.br\/eixocapital\/wp-json\/wp\/v2\/tags?post=1611"}],"curies":[{"name":"wp","href":"https:\/\/api.w.org\/{rel}","templated":true}]}}