{"id":1608,"date":"2022-06-26T08:07:55","date_gmt":"2022-06-26T11:07:55","guid":{"rendered":"https:\/\/blogs.correiobraziliense.com.br\/eixocapital\/?p=1608"},"modified":"2022-06-26T08:07:55","modified_gmt":"2022-06-26T11:07:55","slug":"joe-valle-reguffe-e-um-dos-politicos-mais-coerentes-que-eu-conheco","status":"publish","type":"post","link":"https:\/\/blogs.correiobraziliense.com.br\/eixocapital\/2022\/06\/26\/joe-valle-reguffe-e-um-dos-politicos-mais-coerentes-que-eu-conheco\/","title":{"rendered":"Joe Valle: &#8220;Reguffe \u00e9 um dos pol\u00edticos mais coerentes que eu conhe\u00e7o&#8221;"},"content":{"rendered":"<p><strong>\u00c0 queima-roupa \/\/ Joe Valle (PDT), ex-presidente da C\u00e2mara Legislativa e ex-deputado distrital<\/strong><\/p>\n<p><strong>por Ana Maria Campos<\/strong><\/p>\n<p><strong>Voc\u00ea estava acompanhando e participando das articula\u00e7\u00f5es para a candidatura de Reguffe ao governo. Ainda d\u00e1 tempo de apoi\u00e1-lo no primeiro turno?<br \/>\n<\/strong>A pol\u00edtica tem seu tempo, e tudo pode acontecer e mudar. Neste momento, a senadora Leila Barros \u00e9 a pr\u00e9-candidata do PDT ao GDF. Se houver mudan\u00e7as, vai depender da pr\u00f3pria Leila, do (Georges) Michel e do (Carlos) Lupi. Que seja o melhor para o DF.<\/p>\n<p><strong>O que voc\u00ea achou do pronunciamento dele com lan\u00e7amento da pr\u00e9-candidatura?<br \/>\n<\/strong>Reguffe \u00e9 um dos pol\u00edticos mais coerentes que conhe\u00e7o e, no pronunciamento, mostrou exatamente isso. Tudo que prometeu nas campanhas anteriores, como ele mesmo diz &#8220;no meu panfleto&#8221;, foi cumprido \u00e0 risca. \u00c9 isso que esperamos dos pol\u00edticos, que cumpram suas promessas de campanha e que sejam verdadeiros.<\/p>\n<p><strong>A pr\u00e9-candidatura da senadora Leila Barros ao governo \u00e9 irrevers\u00edvel ou ainda \u00e9 poss\u00edvel pensar em uma alian\u00e7a com Reguffe?<br \/>\n<\/strong>Mudan\u00e7as na pol\u00edtica s\u00e3o poss\u00edveis sempre. Como pontuei, vai depender da pr\u00f3pria senadora Leila, do Michel e do Lupi. Tor\u00e7o para que essa alian\u00e7a aconte\u00e7a.<\/p>\n<p><strong>Qual a sua avalia\u00e7\u00e3o sobre o timing de Reguffe ao se lan\u00e7ar ao governo a 100 dias das elei\u00e7\u00f5es? Demorou?<br \/>\n<\/strong>Sim, demorou! Mas compreendo. \u00c9 preciso ter muito apoio da sociedade e de parceiros que realmente querem o melhor para Bras\u00edlia. S\u00f3 vale a pena se a candidatura for coletiva e cooperativa.<\/p>\n<p><strong>Acha poss\u00edvel derrotar Ibaneis, governador que lidera as pesquisas e com apoio forte de partidos?<br \/>\n<\/strong>Aprendi que, na pol\u00edtica, tudo \u00e9 poss\u00edvel, e temos bons exemplos da campanha eleitoral de 2018. A popula\u00e7\u00e3o est\u00e1 exausta de reivindicar o b\u00e1sico e n\u00e3o ter respostas efetivas. \u00c9 fundamental a elabora\u00e7\u00e3o de um plano de governo para o DF, constru\u00eddo com responsabilidade e que leve a s\u00e9rio os anseios das pessoas.<\/p>\n<p><strong>Qual vai ser o tema das elei\u00e7\u00f5es?<br \/>\n<\/strong>O fortalecimento das pol\u00edticas p\u00fablicas, em especial do SUS (Sistema \u00danico de Sa\u00fade). Acredito que sa\u00fade, assist\u00eancia social, erradica\u00e7\u00e3o da fome, gera\u00e7\u00e3o de trabalho e renda, al\u00e9m das pautas da sustentabilidade estar\u00e3o na centralidade do debate.<\/p>\n<p><strong>Acha que Reguffe vai at\u00e9 o fim?<br \/>\n<\/strong>Acredito que sim, se tiver todas as condi\u00e7\u00f5es de ter uma candidatura competitiva.<\/p>\n","protected":false},"excerpt":{"rendered":"<p>O ex-presidente da C\u00e2mara Legislativa e ex-deputado distrital Joe Valle (PDT) defende Reguffe, embora seu partido tenha lan\u00e7ado o nome de Leila<\/p>\n","protected":false},"author":9,"featured_media":1609,"comment_status":"open","ping_status":"open","sticky":false,"template":"","format":"standard","meta":{"footnotes":""},"categories":[247],"tags":[29,90,138],"class_list":["post-1608","post","type-post","status-publish","format-standard","has-post-thumbnail","hentry","category-eixo-capital","tag-eleicoes-2022","tag-entrevista","tag-joe-valle"],"_links":{"self":[{"href":"https:\/\/blogs.correiobraziliense.com.br\/eixocapital\/wp-json\/wp\/v2\/posts\/1608","targetHints":{"allow":["GET"]}}],"collection":[{"href":"https:\/\/blogs.correiobraziliense.com.br\/eixocapital\/wp-json\/wp\/v2\/posts"}],"about":[{"href":"https:\/\/blogs.correiobraziliense.com.br\/eixocapital\/wp-json\/wp\/v2\/types\/post"}],"author":[{"embeddable":true,"href":"https:\/\/blogs.correiobraziliense.com.br\/eixocapital\/wp-json\/wp\/v2\/users\/9"}],"replies":[{"embeddable":true,"href":"https:\/\/blogs.correiobraziliense.com.br\/eixocapital\/wp-json\/wp\/v2\/comments?post=1608"}],"version-history":[{"count":1,"href":"https:\/\/blogs.correiobraziliense.com.br\/eixocapital\/wp-json\/wp\/v2\/posts\/1608\/revisions"}],"predecessor-version":[{"id":1610,"href":"https:\/\/blogs.correiobraziliense.com.br\/eixocapital\/wp-json\/wp\/v2\/posts\/1608\/revisions\/1610"}],"wp:featuredmedia":[{"embeddable":true,"href":"https:\/\/blogs.correiobraziliense.com.br\/eixocapital\/wp-json\/wp\/v2\/media\/1609"}],"wp:attachment":[{"href":"https:\/\/blogs.correiobraziliense.com.br\/eixocapital\/wp-json\/wp\/v2\/media?parent=1608"}],"wp:term":[{"taxonomy":"category","embeddable":true,"href":"https:\/\/blogs.correiobraziliense.com.br\/eixocapital\/wp-json\/wp\/v2\/categories?post=1608"},{"taxonomy":"post_tag","embeddable":true,"href":"https:\/\/blogs.correiobraziliense.com.br\/eixocapital\/wp-json\/wp\/v2\/tags?post=1608"}],"curies":[{"name":"wp","href":"https:\/\/api.w.org\/{rel}","templated":true}]}}