{"id":1601,"date":"2022-06-25T08:27:00","date_gmt":"2022-06-25T11:27:00","guid":{"rendered":"https:\/\/blogs.correiobraziliense.com.br\/eixocapital\/?p=1601"},"modified":"2022-06-25T08:30:34","modified_gmt":"2022-06-25T11:30:34","slug":"julgamento-no-stf-define-candidatura-de-agnelo-queiroz","status":"publish","type":"post","link":"https:\/\/blogs.correiobraziliense.com.br\/eixocapital\/2022\/06\/25\/julgamento-no-stf-define-candidatura-de-agnelo-queiroz\/","title":{"rendered":"Julgamento no STF define candidatura de Agnelo Queiroz"},"content":{"rendered":"<p><strong>Coluna Eixo Capital, por Ana Maria Campos<\/strong><\/p>\n<p>Come\u00e7ou ontem e vai at\u00e9 a pr\u00f3xima sexta-feira um julgamento virtual no STF que tem impacto direto na candidatura do ex-governador Agnelo Queiroz (PT) \u00e0 C\u00e2mara dos Deputados neste ano. O petista sofreu uma condena\u00e7\u00e3o por abuso de poder econ\u00f4mico que o torna ineleg\u00edvel por oito anos, a partir da elei\u00e7\u00e3o de 2014.<\/p>\n<p>O STF julga uma Argui\u00e7\u00e3o de Descumprimento de Preceito Fundamental (ADPF) impetrada pelo Partido Solidariedade, em que se discute o marco temporal para considerar a inelegibilidade dos candidatos. Uma s\u00famula do TSE estabelece que o &#8220;prazo de inelegibilidade decorrente da condena\u00e7\u00e3o por abuso de poder econ\u00f4mico ou pol\u00edtico tem in\u00edcio no dia da elei\u00e7\u00e3o em que se verificou e finda no dia de igual n\u00famero no oitavo ano seguinte&#8221;.<\/p>\n<p>Como a elei\u00e7\u00e3o de 2014 foi realizada em 5 de outubro, a pena para quem foi condenado nessa situa\u00e7\u00e3o termina tr\u00eas dias depois do pleito deste ano, marcado para 2 de outubro. O Solidariedade aponta que, pela l\u00f3gica, deveria valer a contagem pela data da elei\u00e7\u00e3o, mas o julgamento come\u00e7ou com um rev\u00e9s. O relator, Dias Toffoli, n\u00e3o conheceu a a\u00e7\u00e3o, por considerar que a ADPF n\u00e3o \u00e9 o meio correto para questionar o tema. Se prevalecer esse entendimento, o m\u00e9rito n\u00e3o ser\u00e1 apreciado neste processo, e Agnelo poder\u00e1 ter o registro negado pela Justi\u00e7a Eleitoral.<\/p>\n","protected":false},"excerpt":{"rendered":"<p>Vai at\u00e9 a pr\u00f3xima sexta-feira um julgamento virtual no STF que tem impacto direto na candidatura do ex-governador Agnelo Queiroz \u00e0 C\u00e2mara dos Deputados<\/p>\n","protected":false},"author":9,"featured_media":1602,"comment_status":"open","ping_status":"open","sticky":false,"template":"","format":"standard","meta":{"footnotes":""},"categories":[247],"tags":[259,163],"class_list":["post-1601","post","type-post","status-publish","format-standard","has-post-thumbnail","hentry","category-eixo-capital","tag-agnelo-queiroz","tag-stf"],"_links":{"self":[{"href":"https:\/\/blogs.correiobraziliense.com.br\/eixocapital\/wp-json\/wp\/v2\/posts\/1601","targetHints":{"allow":["GET"]}}],"collection":[{"href":"https:\/\/blogs.correiobraziliense.com.br\/eixocapital\/wp-json\/wp\/v2\/posts"}],"about":[{"href":"https:\/\/blogs.correiobraziliense.com.br\/eixocapital\/wp-json\/wp\/v2\/types\/post"}],"author":[{"embeddable":true,"href":"https:\/\/blogs.correiobraziliense.com.br\/eixocapital\/wp-json\/wp\/v2\/users\/9"}],"replies":[{"embeddable":true,"href":"https:\/\/blogs.correiobraziliense.com.br\/eixocapital\/wp-json\/wp\/v2\/comments?post=1601"}],"version-history":[{"count":1,"href":"https:\/\/blogs.correiobraziliense.com.br\/eixocapital\/wp-json\/wp\/v2\/posts\/1601\/revisions"}],"predecessor-version":[{"id":1603,"href":"https:\/\/blogs.correiobraziliense.com.br\/eixocapital\/wp-json\/wp\/v2\/posts\/1601\/revisions\/1603"}],"wp:featuredmedia":[{"embeddable":true,"href":"https:\/\/blogs.correiobraziliense.com.br\/eixocapital\/wp-json\/wp\/v2\/media\/1602"}],"wp:attachment":[{"href":"https:\/\/blogs.correiobraziliense.com.br\/eixocapital\/wp-json\/wp\/v2\/media?parent=1601"}],"wp:term":[{"taxonomy":"category","embeddable":true,"href":"https:\/\/blogs.correiobraziliense.com.br\/eixocapital\/wp-json\/wp\/v2\/categories?post=1601"},{"taxonomy":"post_tag","embeddable":true,"href":"https:\/\/blogs.correiobraziliense.com.br\/eixocapital\/wp-json\/wp\/v2\/tags?post=1601"}],"curies":[{"name":"wp","href":"https:\/\/api.w.org\/{rel}","templated":true}]}}