{"id":1598,"date":"2022-06-25T08:22:10","date_gmt":"2022-06-25T11:22:10","guid":{"rendered":"https:\/\/blogs.correiobraziliense.com.br\/eixocapital\/?p=1598"},"modified":"2022-06-25T08:22:10","modified_gmt":"2022-06-25T11:22:10","slug":"psb-reage-positivamente-a-pre-candidatura-de-reguffe","status":"publish","type":"post","link":"https:\/\/blogs.correiobraziliense.com.br\/eixocapital\/2022\/06\/25\/psb-reage-positivamente-a-pre-candidatura-de-reguffe\/","title":{"rendered":"PSB reage positivamente \u00e0 pr\u00e9-candidatura de Reguffe"},"content":{"rendered":"<p><strong>Coluna Eixo Capital, por Ana Maria Campos<\/strong><\/p>\n<p>Depois do pronunciamento do senador Jos\u00e9 Ant\u00f4nio Reguffe (Uni\u00e3o-DF), integrantes do PSB demonstraram disposi\u00e7\u00e3o de participar da frente partid\u00e1ria em torno da <a href=\"https:\/\/www.correiobraziliense.com.br\/cidades-df\/2022\/06\/5017874-anuncio-de-pre-candidatura-de-reguffe-ao-gdf-embaralha-jogo-eleitoral.html\"><strong>pr\u00e9-candidatura dele ao Pal\u00e1cio do Buriti<\/strong><\/a>. O ex-governador <a href=\"https:\/\/blogs.correiobraziliense.com.br\/eixocapital\/2022\/06\/23\/rodrigo-rollemberg-o-grande-desafio-sera-mostrar-que-o-candidato-tem-condicoes-de-tirar-brasilia-do-abandono-social\/\"><strong>Rodrigo Rollemberg<\/strong><\/a> (PSB) postou nas m\u00eddias sociais: &#8220;Gostei do an\u00fancio da candidatura do Reguffe ao governo do DF. Acendeu uma chama de esperan\u00e7a&#8221;. Depois, postou outro coment\u00e1rio, no perfil de Reguffe nas redes: &#8220;Importante decis\u00e3o. \u00c9 hora de unir e ampliar&#8221;. O pr\u00e9-candidato do PSB ao governo do DF, Rafael Parente, tamb\u00e9m fez um coment\u00e1rio positivo: &#8220;Em frente, amigo! Unidos contra Ibaneis&#8221;. Mas nada est\u00e1 definido ainda. Uma decis\u00e3o deve sair em 10 dias.<\/p>\n<p><strong>Unidade contra Ibaneis<br \/>\n<\/strong>O ex-governador Rodrigo Rollemberg se reuniu ontem \u00e0 noite com o presidente do PSB-DF, Rodrigo Dias, e com <a href=\"https:\/\/blogs.correiobraziliense.com.br\/eixocapital\/2022\/01\/23\/rafael-parente-entrevista\/\"><strong>Rafael Parente<\/strong><\/a>. A avalia\u00e7\u00e3o foi de que o an\u00fancio de Reguffe \u00e9 importante para uma defini\u00e7\u00e3o de cen\u00e1rio. &#8220;Vamos tentar unir as candidaturas de oposi\u00e7\u00e3o a Ibaneis. Podemos unificar&#8221;, afirma Rollemberg. Ele diz considerar poss\u00edvel construir uma frente com Parente, Reguffe e a federa\u00e7\u00e3o PT-PV-PCdoB, que lan\u00e7ou Leandro Grass (PV). Mas esse cen\u00e1rio \u00e9 praticamente imposs\u00edvel no primeiro turno.<\/p>\n<p><strong>Afinados<br \/>\n<\/strong>O an\u00fancio da pr\u00e9-candidatura de Reguffe ao GDF ocorreu ontem, no dia do anivers\u00e1rio de Rafael Parente. Poderia ser uma not\u00edcia ruim num dia de festa. Mas Parente estava contente. Os dois t\u00eam conversado todos os dias.<\/p>\n<p><strong>Embate<br \/>\n<\/strong>J\u00e1 o senador Izalci Lucas (PSDB-DF) partiu para o embate depois do lan\u00e7amento da pr\u00e9-candidatura de Reguffe ao governo. Postou uma propaganda se colocando como o &#8220;mais preparado&#8221;.<\/p>\n<h3>Agenda de Lula<\/h3>\n<p>A campanha de Leandro Grass (PV) tenta organizar uma visita de Lula \u00e0 UnB para um encontro com estudantes e homenagem aos 60 anos da universidade. Tamb\u00e9m querem levar o ex-presidente a Ceil\u00e2ndia, maior base eleitoral do DF. De certo, por ora, apenas que Lula estar\u00e1 em Bras\u00edlia em 12 de julho.<\/p>\n<p><strong>Internada, mas tudo bem<br \/>\n<\/strong>Mensagem da primeira-dama Michelle Bolsonaro para a ex-ministra Damares Alves, internada com um quadro de infec\u00e7\u00e3o respirat\u00f3ria: &#8220;Voc\u00ea vai ficar bem e, logo, logo, vai receber alta. Voc\u00ea merece todo amor e carinho do mundo. Te amo, minha flor&#8221;. A pr\u00e9-candidata ao Senado pelo Republicanos passa bem e est\u00e1 antenada com as not\u00edcias. Segundo o boletim m\u00e9dico do Hospital Santa L\u00facia, Damares recebe tratamento com antimicrobiano parenteral e se recupera de forma est\u00e1vel.<\/p>\n","protected":false},"excerpt":{"rendered":"<p>Depois do pronunciamento do senador Jos\u00e9 Ant\u00f4nio Reguffe (Uni\u00e3o-DF), integrantes do PSB demonstraram disposi\u00e7\u00e3o de participar de uma frente partid\u00e1ria<\/p>\n","protected":false},"author":9,"featured_media":1599,"comment_status":"open","ping_status":"open","sticky":false,"template":"","format":"standard","meta":{"footnotes":""},"categories":[247],"tags":[503,29,136,160,74,194,85],"class_list":["post-1598","post","type-post","status-publish","format-standard","has-post-thumbnail","hentry","category-eixo-capital","tag-damares-alves","tag-eleicoes-2022","tag-jose-antonio-reguffe","tag-leandro-grass","tag-rafael-parente","tag-reguffe","tag-rodrigo-rollemberg"],"_links":{"self":[{"href":"https:\/\/blogs.correiobraziliense.com.br\/eixocapital\/wp-json\/wp\/v2\/posts\/1598","targetHints":{"allow":["GET"]}}],"collection":[{"href":"https:\/\/blogs.correiobraziliense.com.br\/eixocapital\/wp-json\/wp\/v2\/posts"}],"about":[{"href":"https:\/\/blogs.correiobraziliense.com.br\/eixocapital\/wp-json\/wp\/v2\/types\/post"}],"author":[{"embeddable":true,"href":"https:\/\/blogs.correiobraziliense.com.br\/eixocapital\/wp-json\/wp\/v2\/users\/9"}],"replies":[{"embeddable":true,"href":"https:\/\/blogs.correiobraziliense.com.br\/eixocapital\/wp-json\/wp\/v2\/comments?post=1598"}],"version-history":[{"count":1,"href":"https:\/\/blogs.correiobraziliense.com.br\/eixocapital\/wp-json\/wp\/v2\/posts\/1598\/revisions"}],"predecessor-version":[{"id":1600,"href":"https:\/\/blogs.correiobraziliense.com.br\/eixocapital\/wp-json\/wp\/v2\/posts\/1598\/revisions\/1600"}],"wp:featuredmedia":[{"embeddable":true,"href":"https:\/\/blogs.correiobraziliense.com.br\/eixocapital\/wp-json\/wp\/v2\/media\/1599"}],"wp:attachment":[{"href":"https:\/\/blogs.correiobraziliense.com.br\/eixocapital\/wp-json\/wp\/v2\/media?parent=1598"}],"wp:term":[{"taxonomy":"category","embeddable":true,"href":"https:\/\/blogs.correiobraziliense.com.br\/eixocapital\/wp-json\/wp\/v2\/categories?post=1598"},{"taxonomy":"post_tag","embeddable":true,"href":"https:\/\/blogs.correiobraziliense.com.br\/eixocapital\/wp-json\/wp\/v2\/tags?post=1598"}],"curies":[{"name":"wp","href":"https:\/\/api.w.org\/{rel}","templated":true}]}}