{"id":1593,"date":"2022-06-24T07:10:09","date_gmt":"2022-06-24T10:10:09","guid":{"rendered":"https:\/\/blogs.correiobraziliense.com.br\/eixocapital\/?p=1593"},"modified":"2022-06-24T07:10:09","modified_gmt":"2022-06-24T10:10:09","slug":"reguffe-fara-anuncio-sobre-candidatura-hoje","status":"publish","type":"post","link":"https:\/\/blogs.correiobraziliense.com.br\/eixocapital\/2022\/06\/24\/reguffe-fara-anuncio-sobre-candidatura-hoje\/","title":{"rendered":"Reguffe far\u00e1 an\u00fancio sobre candidatura hoje"},"content":{"rendered":"<p><strong>Coluna Eixo Capital, por Ana Maria Campos<\/strong><\/p>\n<p>Hoje \u00e9 o dia de defini\u00e7\u00e3o sobre o destino do senador Jos\u00e9 Ant\u00f4nio Reguffe (Uni\u00e3o-DF) nas elei\u00e7\u00f5es. Ele mant\u00e9m a decis\u00e3o em sigilo e at\u00e9 desconversa quando \u00e9 questionado por pol\u00edticos e estrategistas de campanha. Mas, como a coluna mostrou no \u00faltimo domingo, Reguffe vai anunciar pr\u00e9-candidatura ao Pal\u00e1cio do Buriti. Ontem, ele divulgou nas redes sociais que far\u00e1 um an\u00fancio nesta sexta-feira, \u00e0s 15h. O pronunciamento ser\u00e1 transmitido pelo Instagram, YouTube e Facebook.<\/p>\n<p><strong>Caminho natural<br \/>\n<\/strong>A candidatura ao Pal\u00e1cio do Buriti \u00e9 o que esperam aliados e eleitores do senador Jos\u00e9 Ant\u00f4nio Reguffe (UB-DF). \u00c9 o caminho natural para quem foi campe\u00e3o de votos nas duas \u00faltimas elei\u00e7\u00f5es que disputou. Em 2010, Reguffe teve 266.465 votos, o equivalente a 18,95% dos votos v\u00e1lidos. Foi proporcionalmente o deputado mais votado do pa\u00eds naquele pleito. Em 2018, teve mais votos que o governador eleito, Rodrigo Rollemberg (PSB). Foram 826.576 votos.<\/p>\n<h3>Tudo pode acontecer<\/h3>\n<p>Coment\u00e1rio de um importante integrante do PDT sobre a possibilidade de a senadora Leila Barros (PDT-DF) desistir da pr\u00e9-candidatura ao governo para apoiar Reguffe: &#8220;No que depender dela e do PDT, \u00e9 irrevers\u00edvel. Todas as chances foram dadas ao Reguffe de construir essa alian\u00e7a, e ele n\u00e3o se posicionou. Mas as conven\u00e7\u00f5es come\u00e7am m\u00eas que vem, e tudo pode mudar&#8221;. Ou seja, tudo pode acontecer.<\/p>\n","protected":false},"excerpt":{"rendered":"<p>Reguffe mant\u00e9m a decis\u00e3o em sigilo e at\u00e9 desconversa quando \u00e9 questionado por pol\u00edticos e estrategistas de campanha. An\u00fancio ser\u00e1 nas redes sociais<\/p>\n","protected":false},"author":9,"featured_media":1594,"comment_status":"open","ping_status":"open","sticky":false,"template":"","format":"standard","meta":{"footnotes":""},"categories":[247],"tags":[136,290,194],"class_list":["post-1593","post","type-post","status-publish","format-standard","has-post-thumbnail","hentry","category-eixo-capital","tag-jose-antonio-reguffe","tag-leila-barros","tag-reguffe"],"_links":{"self":[{"href":"https:\/\/blogs.correiobraziliense.com.br\/eixocapital\/wp-json\/wp\/v2\/posts\/1593","targetHints":{"allow":["GET"]}}],"collection":[{"href":"https:\/\/blogs.correiobraziliense.com.br\/eixocapital\/wp-json\/wp\/v2\/posts"}],"about":[{"href":"https:\/\/blogs.correiobraziliense.com.br\/eixocapital\/wp-json\/wp\/v2\/types\/post"}],"author":[{"embeddable":true,"href":"https:\/\/blogs.correiobraziliense.com.br\/eixocapital\/wp-json\/wp\/v2\/users\/9"}],"replies":[{"embeddable":true,"href":"https:\/\/blogs.correiobraziliense.com.br\/eixocapital\/wp-json\/wp\/v2\/comments?post=1593"}],"version-history":[{"count":1,"href":"https:\/\/blogs.correiobraziliense.com.br\/eixocapital\/wp-json\/wp\/v2\/posts\/1593\/revisions"}],"predecessor-version":[{"id":1595,"href":"https:\/\/blogs.correiobraziliense.com.br\/eixocapital\/wp-json\/wp\/v2\/posts\/1593\/revisions\/1595"}],"wp:featuredmedia":[{"embeddable":true,"href":"https:\/\/blogs.correiobraziliense.com.br\/eixocapital\/wp-json\/wp\/v2\/media\/1594"}],"wp:attachment":[{"href":"https:\/\/blogs.correiobraziliense.com.br\/eixocapital\/wp-json\/wp\/v2\/media?parent=1593"}],"wp:term":[{"taxonomy":"category","embeddable":true,"href":"https:\/\/blogs.correiobraziliense.com.br\/eixocapital\/wp-json\/wp\/v2\/categories?post=1593"},{"taxonomy":"post_tag","embeddable":true,"href":"https:\/\/blogs.correiobraziliense.com.br\/eixocapital\/wp-json\/wp\/v2\/tags?post=1593"}],"curies":[{"name":"wp","href":"https:\/\/api.w.org\/{rel}","templated":true}]}}