{"id":1587,"date":"2022-06-23T07:27:42","date_gmt":"2022-06-23T10:27:42","guid":{"rendered":"https:\/\/blogs.correiobraziliense.com.br\/eixocapital\/?p=1587"},"modified":"2022-06-23T07:27:42","modified_gmt":"2022-06-23T10:27:42","slug":"distrital-diz-que-colegas-trabalham-drogados-ou-alcoolizados-na-camara","status":"publish","type":"post","link":"https:\/\/blogs.correiobraziliense.com.br\/eixocapital\/2022\/06\/23\/distrital-diz-que-colegas-trabalham-drogados-ou-alcoolizados-na-camara\/","title":{"rendered":"Distrital diz que colegas trabalham drogados ou alcoolizados na C\u00e2mara"},"content":{"rendered":"<p><strong>Coluna Eixo Capital, por Ana Maria Campos<\/strong><\/p>\n<p>A deputada distrital J\u00falia Lucy (UB) deixou os colegas na C\u00e2mara Legislativa enfurecidos ao dizer em evento que alguns deles iam trabalhar alcoolizados ou sob efeito de Venvanse, uma droga que estimula o sistema nervoso central usada, principalmente, no tratamento do transtorno de d\u00e9ficit de aten\u00e7\u00e3o e hiperatividade. &#8220;Eu tenho, l\u00e1 na C\u00e2mara, uns cinco colegas que \u00e9 (est\u00e3o) \u00e0 base de Venvanse o dia inteiro&#8221;, disse. &#8220;Voc\u00ea v\u00ea que a pessoa est\u00e1 louca. Muitos chegam alcoolizados.&#8221;<\/p>\n","protected":false},"excerpt":{"rendered":"<p>J\u00falia Lucy (UB) deixou os colegas na C\u00e2mara Legislativa enfurecidos ao dizer em evento que alguns deles iam trabalhar alcoolizados ou sob efeito de Venvanse<\/p>\n","protected":false},"author":9,"featured_media":1588,"comment_status":"open","ping_status":"open","sticky":false,"template":"","format":"standard","meta":{"footnotes":""},"categories":[247],"tags":[70,244],"class_list":["post-1587","post","type-post","status-publish","format-standard","has-post-thumbnail","hentry","category-eixo-capital","tag-camara-legislativa","tag-julia-lucy"],"_links":{"self":[{"href":"https:\/\/blogs.correiobraziliense.com.br\/eixocapital\/wp-json\/wp\/v2\/posts\/1587","targetHints":{"allow":["GET"]}}],"collection":[{"href":"https:\/\/blogs.correiobraziliense.com.br\/eixocapital\/wp-json\/wp\/v2\/posts"}],"about":[{"href":"https:\/\/blogs.correiobraziliense.com.br\/eixocapital\/wp-json\/wp\/v2\/types\/post"}],"author":[{"embeddable":true,"href":"https:\/\/blogs.correiobraziliense.com.br\/eixocapital\/wp-json\/wp\/v2\/users\/9"}],"replies":[{"embeddable":true,"href":"https:\/\/blogs.correiobraziliense.com.br\/eixocapital\/wp-json\/wp\/v2\/comments?post=1587"}],"version-history":[{"count":1,"href":"https:\/\/blogs.correiobraziliense.com.br\/eixocapital\/wp-json\/wp\/v2\/posts\/1587\/revisions"}],"predecessor-version":[{"id":1589,"href":"https:\/\/blogs.correiobraziliense.com.br\/eixocapital\/wp-json\/wp\/v2\/posts\/1587\/revisions\/1589"}],"wp:featuredmedia":[{"embeddable":true,"href":"https:\/\/blogs.correiobraziliense.com.br\/eixocapital\/wp-json\/wp\/v2\/media\/1588"}],"wp:attachment":[{"href":"https:\/\/blogs.correiobraziliense.com.br\/eixocapital\/wp-json\/wp\/v2\/media?parent=1587"}],"wp:term":[{"taxonomy":"category","embeddable":true,"href":"https:\/\/blogs.correiobraziliense.com.br\/eixocapital\/wp-json\/wp\/v2\/categories?post=1587"},{"taxonomy":"post_tag","embeddable":true,"href":"https:\/\/blogs.correiobraziliense.com.br\/eixocapital\/wp-json\/wp\/v2\/tags?post=1587"}],"curies":[{"name":"wp","href":"https:\/\/api.w.org\/{rel}","templated":true}]}}