{"id":1585,"date":"2022-06-23T07:20:00","date_gmt":"2022-06-23T10:20:00","guid":{"rendered":"https:\/\/blogs.correiobraziliense.com.br\/eixocapital\/?p=1585"},"modified":"2022-06-23T07:20:00","modified_gmt":"2022-06-23T10:20:00","slug":"leandro-grass-denuncia-crise-nos-centros-de-assistencia-social","status":"publish","type":"post","link":"https:\/\/blogs.correiobraziliense.com.br\/eixocapital\/2022\/06\/23\/leandro-grass-denuncia-crise-nos-centros-de-assistencia-social\/","title":{"rendered":"Leandro Grass denuncia crise nos centros de assist\u00eancia social"},"content":{"rendered":"<p><strong>Coluna Eixo Capital, por Ana Maria Campos<\/strong><\/p>\n<p>Pr\u00e9-candidato ao GDF, o deputado distrital Leandro Grass (PV) encaminhou representa\u00e7\u00f5es ao Minist\u00e9rio P\u00fablico do Distrito Federal e Territ\u00f3rios (MPDFT) e ao Minist\u00e9rio P\u00fablico de Contas (MPC) relatando uma crise nos Centros de Refer\u00eancia e Assist\u00eancia Social (Cras).<\/p>\n<p>&#8220;O que tenho visto \u00e9 um cen\u00e1rio desolador, fam\u00edlias nas filas desde a noite anterior na busca de uma senha para finalmente fazer o seu cadastro, de modo que seja poss\u00edvel acessar os benef\u00edcios. Para al\u00e9m disso, de acordo com o que ouvi de demanda nas assembleias da entidade sindical representativa dos servidores, o Sistema de Registro e Organiza\u00e7\u00e3o de Demandas (SROD) n\u00e3o tem funcionado a contento&#8221;, afirma o parlamentar no documento.<\/p>\n","protected":false},"excerpt":{"rendered":"<p>Pr\u00e9-candidato ao GDF, o deputado distrital Leandro Grass (PV) encaminhou representa\u00e7\u00f5es ao MPDFT e ao MPC relatando uma crise nos Cras<\/p>\n","protected":false},"author":9,"featured_media":1452,"comment_status":"open","ping_status":"open","sticky":false,"template":"","format":"standard","meta":{"footnotes":""},"categories":[247],"tags":[543,29,160],"class_list":["post-1585","post","type-post","status-publish","format-standard","has-post-thumbnail","hentry","category-eixo-capital","tag-cras","tag-eleicoes-2022","tag-leandro-grass"],"_links":{"self":[{"href":"https:\/\/blogs.correiobraziliense.com.br\/eixocapital\/wp-json\/wp\/v2\/posts\/1585","targetHints":{"allow":["GET"]}}],"collection":[{"href":"https:\/\/blogs.correiobraziliense.com.br\/eixocapital\/wp-json\/wp\/v2\/posts"}],"about":[{"href":"https:\/\/blogs.correiobraziliense.com.br\/eixocapital\/wp-json\/wp\/v2\/types\/post"}],"author":[{"embeddable":true,"href":"https:\/\/blogs.correiobraziliense.com.br\/eixocapital\/wp-json\/wp\/v2\/users\/9"}],"replies":[{"embeddable":true,"href":"https:\/\/blogs.correiobraziliense.com.br\/eixocapital\/wp-json\/wp\/v2\/comments?post=1585"}],"version-history":[{"count":1,"href":"https:\/\/blogs.correiobraziliense.com.br\/eixocapital\/wp-json\/wp\/v2\/posts\/1585\/revisions"}],"predecessor-version":[{"id":1586,"href":"https:\/\/blogs.correiobraziliense.com.br\/eixocapital\/wp-json\/wp\/v2\/posts\/1585\/revisions\/1586"}],"wp:featuredmedia":[{"embeddable":true,"href":"https:\/\/blogs.correiobraziliense.com.br\/eixocapital\/wp-json\/wp\/v2\/media\/1452"}],"wp:attachment":[{"href":"https:\/\/blogs.correiobraziliense.com.br\/eixocapital\/wp-json\/wp\/v2\/media?parent=1585"}],"wp:term":[{"taxonomy":"category","embeddable":true,"href":"https:\/\/blogs.correiobraziliense.com.br\/eixocapital\/wp-json\/wp\/v2\/categories?post=1585"},{"taxonomy":"post_tag","embeddable":true,"href":"https:\/\/blogs.correiobraziliense.com.br\/eixocapital\/wp-json\/wp\/v2\/tags?post=1585"}],"curies":[{"name":"wp","href":"https:\/\/api.w.org\/{rel}","templated":true}]}}