{"id":1582,"date":"2022-06-23T07:16:14","date_gmt":"2022-06-23T10:16:14","guid":{"rendered":"https:\/\/blogs.correiobraziliense.com.br\/eixocapital\/?p=1582"},"modified":"2022-06-23T07:16:14","modified_gmt":"2022-06-23T10:16:14","slug":"izalci-tera-poder-para-definir-a-chapa-majoritaria-da-federacao-psdb-cidadania","status":"publish","type":"post","link":"https:\/\/blogs.correiobraziliense.com.br\/eixocapital\/2022\/06\/23\/izalci-tera-poder-para-definir-a-chapa-majoritaria-da-federacao-psdb-cidadania\/","title":{"rendered":"Izalci ter\u00e1 poder para definir a chapa majorit\u00e1ria da federa\u00e7\u00e3o PSDB-Cidadania"},"content":{"rendered":"<p><strong>Coluna Eixo Capital, por Ana Maria Campos<\/strong><\/p>\n<p>O presidente nacional do PSDB, Bruno Ara\u00fajo, decidiu intervir no embate entre o senador Izalci Lucas (PSDB) e a deputada Paula Belmonte (Cidadania) para encerrar a queda de bra\u00e7o. Ele convocou para 7 de julho uma reuni\u00e3o da executiva nacional da federa\u00e7\u00e3o formada pelos dois partidos, com a proposta de dar a Izalci todos os poderes para definir os rumos da chapa majorit\u00e1ria no DF. A reuni\u00e3o s\u00f3 dever\u00e1 sacramentar o que est\u00e1 decidido nos bastidores, uma vez que o PSDB tem 15 votos na executiva e o Cidadania, apenas quatro. <a href=\"https:\/\/blogs.correiobraziliense.com.br\/eixocapital\/2022\/06\/08\/apos-decisao-judicial-favoravel-izalci-lucas-costura-aliancas\/\"><strong>Izalci tem o apoio dos 14 tucanos<\/strong><\/a>. Ele \u00e9 o 15\u00ba.<\/p>\n<p><strong>Discuss\u00e3o dura<br \/>\n<\/strong>O desfecho do embate \u00e9 resultado de uma conversa dura ocorrida entre Izalci Lucas e Paula Belmonte. O senador ofereceu \u00e0 deputada que seja vice ou candidata ao Senado, enquanto ele concorrer\u00e1 ao governo. Paula disse que jamais o apoiar\u00e1 e que pretende concorrer ao lado do senador Jos\u00e9 Ant\u00f4nio Reguffe (UB). Izalci ouviu, tentou contemporizar, mas n\u00e3o houve acordo. Em seguida, ele buscou uma solu\u00e7\u00e3o na c\u00fapula da federa\u00e7\u00e3o.<\/p>\n<h3>L\u00edder da ca\u00e7ada a L\u00e1zaro Barbosa ser\u00e1 candidato a deputado federal<\/h3>\n<p>Secret\u00e1rio de Seguran\u00e7a P\u00fablica de Goi\u00e1s que liderou a ca\u00e7ada ao assassino L\u00e1zaro Barbosa, o delegado aposentado da Pol\u00edcia Federal Rodney Miranda est\u00e1 se preparando para concorrer a um mandato de deputado federal pelo Republicanos. Ele j\u00e1 disputou no Esp\u00edrito Santo e, agora, seguir\u00e1 carreira pol\u00edtica em Goi\u00e1s. O epis\u00f3dio envolvendo o criminoso mais famoso dos \u00faltimos tempos certamente abriu as portas para uma nova candidatura.<\/p>\n<p><strong>Campanha ao lado da primeira-dama<br \/>\n<\/strong>A primeira-dama, Michelle Bolsonaro, deve entrar mais na pr\u00e9-campanha de Damares Alves (Republicanos) ao Senado pelo DF. Apesar de ser filiada ao PL de Fl\u00e1via Arruda, Michelle vai pedir votos para a ex-ministra. Em breve, estar\u00e3o andando juntas.<\/p>\n","protected":false},"excerpt":{"rendered":"<p>O presidente nacional do PSDB, Bruno Ara\u00fajo, decidiu intervir no embate de Izalci Lucas (PSDB) e Paula Belmonte (Cidadania) para encerrar a queda de bra\u00e7o<\/p>\n","protected":false},"author":9,"featured_media":1583,"comment_status":"open","ping_status":"open","sticky":false,"template":"","format":"standard","meta":{"footnotes":""},"categories":[247],"tags":[29,60,139],"class_list":["post-1582","post","type-post","status-publish","format-standard","has-post-thumbnail","hentry","category-eixo-capital","tag-eleicoes-2022","tag-izalci-lucas","tag-paula-belmonte"],"_links":{"self":[{"href":"https:\/\/blogs.correiobraziliense.com.br\/eixocapital\/wp-json\/wp\/v2\/posts\/1582","targetHints":{"allow":["GET"]}}],"collection":[{"href":"https:\/\/blogs.correiobraziliense.com.br\/eixocapital\/wp-json\/wp\/v2\/posts"}],"about":[{"href":"https:\/\/blogs.correiobraziliense.com.br\/eixocapital\/wp-json\/wp\/v2\/types\/post"}],"author":[{"embeddable":true,"href":"https:\/\/blogs.correiobraziliense.com.br\/eixocapital\/wp-json\/wp\/v2\/users\/9"}],"replies":[{"embeddable":true,"href":"https:\/\/blogs.correiobraziliense.com.br\/eixocapital\/wp-json\/wp\/v2\/comments?post=1582"}],"version-history":[{"count":1,"href":"https:\/\/blogs.correiobraziliense.com.br\/eixocapital\/wp-json\/wp\/v2\/posts\/1582\/revisions"}],"predecessor-version":[{"id":1584,"href":"https:\/\/blogs.correiobraziliense.com.br\/eixocapital\/wp-json\/wp\/v2\/posts\/1582\/revisions\/1584"}],"wp:featuredmedia":[{"embeddable":true,"href":"https:\/\/blogs.correiobraziliense.com.br\/eixocapital\/wp-json\/wp\/v2\/media\/1583"}],"wp:attachment":[{"href":"https:\/\/blogs.correiobraziliense.com.br\/eixocapital\/wp-json\/wp\/v2\/media?parent=1582"}],"wp:term":[{"taxonomy":"category","embeddable":true,"href":"https:\/\/blogs.correiobraziliense.com.br\/eixocapital\/wp-json\/wp\/v2\/categories?post=1582"},{"taxonomy":"post_tag","embeddable":true,"href":"https:\/\/blogs.correiobraziliense.com.br\/eixocapital\/wp-json\/wp\/v2\/tags?post=1582"}],"curies":[{"name":"wp","href":"https:\/\/api.w.org\/{rel}","templated":true}]}}