{"id":158,"date":"2021-10-28T21:37:48","date_gmt":"2021-10-29T00:37:48","guid":{"rendered":"https:\/\/blogs.correiobraziliense.com.br\/eixocapital\/?p=158"},"modified":"2021-10-28T21:40:57","modified_gmt":"2021-10-29T00:40:57","slug":"servidor-do-ministerio-da-saude-que-denunciou-lobby-para-compra-de-vacina-indiana-deixa-o-brasil","status":"publish","type":"post","link":"https:\/\/blogs.correiobraziliense.com.br\/eixocapital\/2021\/10\/28\/servidor-do-ministerio-da-saude-que-denunciou-lobby-para-compra-de-vacina-indiana-deixa-o-brasil\/","title":{"rendered":"Servidor do Minist\u00e9rio da Sa\u00fade que denunciou lobby para compra de vacina indiana deixa o Brasil"},"content":{"rendered":"<p>O servidor do Minist\u00e9rio da Sa\u00fade Luis Ricardo Miranda, que denunciou um suposto lobby para compra da vacina Covaxin, entrou no programa de prote\u00e7\u00e3o a testemunhas do Minist\u00e9rio P\u00fablico e da Pol\u00edcia Federal e deixou hoje (28) o pa\u00eds com a fam\u00edlia.<\/p>\n<p>&nbsp;<\/p>\n<p>A informa\u00e7\u00e3o \u00e9 do irm\u00e3o dele, o deputado federal Luis Miranda (DEM-DF). Os dois <a href=\"https:\/\/www.correiobraziliense.com.br\/politica\/2021\/06\/4933866-cpi-da-covid-irmaos-miranda-reforcam-indicios-de-corrupcao-na-covaxin.html\">prestaram depoimento na CPI da Covid<\/a>, em 26 de junho, e apontaram uma &#8220;press\u00e3o anormal&#8221;\u00a0por parte dos seus superiores para agilizar a importa\u00e7\u00e3o da Covaxin, vacina contra covid-19 do laborat\u00f3rio indiano Bharat Biotech. O laborat\u00f3rio \u00e9 representado no Brasil pela empresa Precisa Medicamentos, alvo da CPI.<\/p>\n<p>&nbsp;<\/p>\n<p>Segundo Miranda, Luis Ricardo foi exonerado na semana passada do cargo de chefe de importa\u00e7\u00e3o do Departamento de Log\u00edstica do Minist\u00e9rio da Sa\u00fade. &#8220;Isso \u00e9 um absurdo completo. Um servidor p\u00fablico correto denuncia um poss\u00edvel esquema de corrup\u00e7\u00e3o e passa a ser perseguido. Meu irm\u00e3o recebeu v\u00e1rias amea\u00e7as de morte&#8221;, afirma o deputado.<\/p>\n<p>&nbsp;<\/p>\n<p>O destino de Luis Ricardo \u00e9 mantido sob sigilo, mas ele foi visto embarcando hoje para Portugal, no mesmo voo em que o governador Ibaneis Rocha (MDB) viajou para Lisboa, onde participa de um congresso de inform\u00e1tica.<\/p>\n<p>&nbsp;<\/p>\n<p>&nbsp;<\/p>\n","protected":false},"excerpt":{"rendered":"<p>O servidor do Minist\u00e9rio da Sa\u00fade Luis Ricardo Miranda, que denunciou um suposto lobby para compra da vacina Covaxin, entrou no programa de prote\u00e7\u00e3o a testemunhas do Minist\u00e9rio P\u00fablico e da Pol\u00edcia Federal e deixou hoje (28) o pa\u00eds com a fam\u00edlia. &nbsp; A informa\u00e7\u00e3o \u00e9 do irm\u00e3o dele, o deputado federal Luis Miranda (DEM-DF). Os dois prestaram depoimento na [&hellip;]<\/p>\n","protected":false},"author":9,"featured_media":160,"comment_status":"open","ping_status":"open","sticky":false,"template":"","format":"standard","meta":{"footnotes":""},"categories":[1],"tags":[87,55,86,31],"class_list":["post-158","post","type-post","status-publish","format-standard","has-post-thumbnail","hentry","category-sem-categoria","tag-covaxin","tag-cpi-da-covid","tag-deputado-luis-miranda","tag-luis-miranda"],"_links":{"self":[{"href":"https:\/\/blogs.correiobraziliense.com.br\/eixocapital\/wp-json\/wp\/v2\/posts\/158","targetHints":{"allow":["GET"]}}],"collection":[{"href":"https:\/\/blogs.correiobraziliense.com.br\/eixocapital\/wp-json\/wp\/v2\/posts"}],"about":[{"href":"https:\/\/blogs.correiobraziliense.com.br\/eixocapital\/wp-json\/wp\/v2\/types\/post"}],"author":[{"embeddable":true,"href":"https:\/\/blogs.correiobraziliense.com.br\/eixocapital\/wp-json\/wp\/v2\/users\/9"}],"replies":[{"embeddable":true,"href":"https:\/\/blogs.correiobraziliense.com.br\/eixocapital\/wp-json\/wp\/v2\/comments?post=158"}],"version-history":[{"count":4,"href":"https:\/\/blogs.correiobraziliense.com.br\/eixocapital\/wp-json\/wp\/v2\/posts\/158\/revisions"}],"predecessor-version":[{"id":163,"href":"https:\/\/blogs.correiobraziliense.com.br\/eixocapital\/wp-json\/wp\/v2\/posts\/158\/revisions\/163"}],"wp:featuredmedia":[{"embeddable":true,"href":"https:\/\/blogs.correiobraziliense.com.br\/eixocapital\/wp-json\/wp\/v2\/media\/160"}],"wp:attachment":[{"href":"https:\/\/blogs.correiobraziliense.com.br\/eixocapital\/wp-json\/wp\/v2\/media?parent=158"}],"wp:term":[{"taxonomy":"category","embeddable":true,"href":"https:\/\/blogs.correiobraziliense.com.br\/eixocapital\/wp-json\/wp\/v2\/categories?post=158"},{"taxonomy":"post_tag","embeddable":true,"href":"https:\/\/blogs.correiobraziliense.com.br\/eixocapital\/wp-json\/wp\/v2\/tags?post=158"}],"curies":[{"name":"wp","href":"https:\/\/api.w.org\/{rel}","templated":true}]}}