{"id":1578,"date":"2022-06-22T08:37:01","date_gmt":"2022-06-22T11:37:01","guid":{"rendered":"https:\/\/blogs.correiobraziliense.com.br\/eixocapital\/?p=1578"},"modified":"2022-06-22T08:48:16","modified_gmt":"2022-06-22T11:48:16","slug":"prudente-cobrara-compromisso-de-deputados-mesmo-em-campanha-eleitoral","status":"publish","type":"post","link":"https:\/\/blogs.correiobraziliense.com.br\/eixocapital\/2022\/06\/22\/prudente-cobrara-compromisso-de-deputados-mesmo-em-campanha-eleitoral\/","title":{"rendered":"Prudente cobrar\u00e1 compromisso de deputados, mesmo em campanha eleitoral"},"content":{"rendered":"<p><b>Trabalho e campanha de distritais<br \/>\n<\/b><\/p>\n<div>Os deputados distritais ter\u00e3o de conciliar a agenda de campanha eleitoral com o trabalho na C\u00e2mara Legislativa. O presidente da Casa, Rafael Prudente (MDB), diz que vai manter o ritmo de vota\u00e7\u00f5es e cobrar compromisso dos colegas. Mas n\u00e3o vai faltar tempo para pedir votos. As vota\u00e7\u00f5es ocorrer\u00e3o sempre nas ter\u00e7as e quartas-feiras e os distritais ter\u00e3o recesso entre primeiro de julho e 2 de agosto. Na pr\u00f3xima semana, a C\u00e2mara votar\u00e1 a Lei de Diretrizes Or\u00e7ament\u00e1rias.<\/p>\n<\/div>\n<div><\/div>\n<div><b>N\u00e3o subestime a dengue<\/b><\/div>\n<div>\n<p>O secret\u00e1rio de Cultura e Economia Criativa, Bartolomeu Rodrigues, est\u00e1 com dengue. Com fortes dores no corpo, o jornalista pensou que havia sido infectado novamente pelo coronav\u00edrus. Mas que nada\u2026 O sofrimento \u00e9 provocado pelo mosquito Aedes aegypti. \u00c9 a segunda vez. Bart\u00f4 teve tamb\u00e9m no ano passado. Foi ainda \u201cpremiado\u201d com a covid-19. Mas ele diz que os sintomas da dengue s\u00e3o piores porque n\u00e3o existe vacina. Por isso, adverte: \u201cN\u00e3o subestime o mosquito\u201d.<\/p>\n<\/div>\n<div><b>Na rede<\/b><\/div>\n<div>\n<p>De olho na campanha eleitoral, o empres\u00e1rio Paulo Oct\u00e1vio entrou pela primeira vez no mundo das redes sociais. Criou um perfil no Instagram @pauloctaviodf e posta o dia a dia de suas andan\u00e7as.<\/p>\n<\/div>\n<div><b>CPI dos Maus-tratos dos Animais aprova relat\u00f3rio<\/b><\/div>\n<div>\n<p>A CPI dos Maus-tratos dos Animais da C\u00e2mara Legislativa aprovou ontem o relat\u00f3rio final. Os deputados Iolando (MDB), Roosevelt Vilela (PL), e Daniel Donizet (PL) consideraram fatores de desrespeito a falta de conscientiza\u00e7\u00e3o da popula\u00e7\u00e3o sobre o direito dos animais, a baixa quantidade de campanhas p\u00fablicas sobre o assunto, estrutura p\u00fablica deficit\u00e1ria para cuidar dos bichos e a pouca oferta de pol\u00edticas de controle de natalidade e vacina\u00e7\u00e3o. Outra quest\u00e3o muito levantada foi a falta de educa\u00e7\u00e3o ambiental na preven\u00e7\u00e3o de crimes contra o meio ambiente e contra os animais.<\/p>\n<\/div>\n<div><b>Unidade conquistada\u00a0para ajudar Lula no DF<\/b><\/div>\n<div>\n<p>Em meio a embates dentro do PT-DF, Lula mandou um recado aos pr\u00e9-candidatos e aos dirigentes regionais. Pediu o fim das disputas. A briga \u00e9 outra e o advers\u00e1rio \u00e9 externo. Funcionou. O partido se uniu em torno das pr\u00e9-candidaturas de Leandro Grass (PV) ao governo e Rosilene Corr\u00eaa (PT) ao Senado. O ex-deputado Geraldo Magela (PT) que pleiteou as duas vagas foi al\u00e7ado ao posto de coordenador da campanha de Lula em Bras\u00edlia. Nem vai concorrer a nada. Assim tamb\u00e9m n\u00e3o tira votos dos petistas \u00c9rika Kokay, Agnelo Queiroz e Roberto Policarpo na disputa \u00e0 C\u00e2mara dos Deputados.<\/p>\n<\/div>\n<div><b>Em Bras\u00edlia<\/b><\/div>\n<div>Lula deve vir a Bras\u00edlia no in\u00edcio de julho para uma agenda conjunta com a campanha de Leandro Grass e Rosilene Corr\u00eaa.<\/p>\n<\/div>\n<div>\n<p><b>\u00c0 QUEIMA-ROUPA<br \/>\n<\/b><br \/>\n<b>Andr\u00e9 Kubitschek (PSD),\u00a0<\/b>pr\u00e9-candidato a deputado federal<\/p>\n<div><b>Por que voc\u00ea resolveu entrar na pol\u00edtica?<\/b><\/div>\n<div>Meu bisav\u00f4 JK foi o homem que levou modernidade ao Brasil, ap\u00f3s deslocar o eixo de desenvolvimento nacional do Sudeste para o Centro-Oeste, o que povoou uma regi\u00e3o do Pa\u00eds ainda inexplorada. E Bras\u00edlia foi a meta-s\u00edntese desse grande projeto. Depois dele, minha av\u00f3 M\u00e1rcia foi deputada constituinte e vice-governadora do DF, mantendo a \u00e9tica e a retid\u00e3o moral de JK como seus princ\u00edpios de vida. Paulo Oct\u00e1vio, meu pai, \u00e9 um exemplo de atua\u00e7\u00e3o pol\u00edtica, com um perfil agregador e conciliador como o de JK. E minha m\u00e3e \u00e9 a guardi\u00e3 da hist\u00f3ria de Bras\u00edlia, \u00e0 frente do Memorial JK. Junte-se a todo este DNA a minha vontade de ajudar o povo a progredir em um momento complexo da vida nacional. Foi por tudo isso que decidi me candidatar este ano. Afinal a pol\u00edtica \u00e9 a \u00fanica forma de realizar uma transforma\u00e7\u00e3o econ\u00f4mica e social eficaz em prol da nossa cidade e do nosso pa\u00eds.<\/p>\n<\/div>\n<div><b>Vai concorrer a qual cargo?<\/b><\/div>\n<div>Tenho percorrido as cidades e colocado meu nome como pr\u00e9-candidato a deputado federal. Acho que estou preparado para esse desafio.<\/p>\n<\/div>\n<div><b>Como voc\u00ea poder\u00e1 ajudar o DF no Congresso?<\/b><\/div>\n<div>Enxergo no Brasil e em Bras\u00edlia dois grandes problemas: emprego e educa\u00e7\u00e3o, que s\u00f3 ser\u00e3o resolvidos com uma a\u00e7\u00e3o integrada. Falta qualifica\u00e7\u00e3o profissional e, como empres\u00e1rio, pude constatar isso de perto. \u00c9 preciso investir na educa\u00e7\u00e3o b\u00e1sica e na profissionalizante, permitindo que o jovem encerre seu ciclo nos bancos escolares com uma forma\u00e7\u00e3o que o permita, depois, escolher se vai se aperfei\u00e7oar ou vai optar por uma carreira superior. Esse ser\u00e1 o foco principal de minha atua\u00e7\u00e3o, caso seja confirmado na conven\u00e7\u00e3o do partido e posteriormente seja eleito. Junto a isso, tamb\u00e9m trabalharei as pautas do turismo e do esporte, por enxergar nelas alternativas importantes de trabalho e de lazer, o que permitir\u00e1 melhores escolhas \u00e0 juventude.<\/p>\n<\/div>\n<div><b>Na sua opini\u00e3o, como um l\u00edder como JK poderia ajudar o pa\u00eds neste momento?<\/b><\/div>\n<div>Ele foi um marco da verdadeira democracia. Mesmo enfrentando a oposi\u00e7\u00e3o de todos, dos estudantes ao clero, passando pelos partidos contr\u00e1rios \u00e0 sua proposta desenvolvimentista, ele soube ouvir, negociar, conciliar e reconciliar o Pa\u00eds. Sufocou revoltas sem disparar um tiro, apenas negociando. Deu espa\u00e7o a seus opositores, n\u00e3o apenas para a discuss\u00e3o, mas especialmente para a fiscaliza\u00e7\u00e3o de Bras\u00edlia. N\u00e3o polarizou. Uniu.<\/p>\n<\/div>\n<div><b>Seu bisav\u00f4, Juscelino Kubitschek, foi perseguido pela ditadura militar. Acha que aqueles anos de chumbo podem se repetir?<\/b><\/div>\n<div>As marcas da persegui\u00e7\u00e3o a JK est\u00e3o em minha fam\u00edlia, especialmente em minha m\u00e3e, que era uma crian\u00e7a e assistiu a tudo. N\u00e3o creio que aquela \u00e9poca volte, mas precisamos estar atentos, especialmente ao equil\u00edbrio entre os tr\u00eas poderes, que \u00e9 fundamental. A democracia precisa ser cuidada e respeitada. Qualquer amea\u00e7a a ela e ao estado democr\u00e1tico de direito deve ser repelida.<\/p>\n<\/div>\n<div><b>Voc\u00ea prefere Lula, Bolsonaro ou outro candidato?<\/b><\/div>\n<div>Como o PSD n\u00e3o ter\u00e1 candidato pr\u00f3prio, tenho liberdade para pensar o meu voto, estou aguardando o quadro real de postulantes \u00e0 Presid\u00eancia da Rep\u00fablica.<\/p>\n<\/div>\n<div><b>Qual \u00e9 o seu projeto para o futuro?<\/b><\/div>\n<div>Primeiro, conseguir vaga na nominata para deputado federal pelo PSD. Depois, ser eleito e exercer um mandato fiel \u00e0s minhas cren\u00e7as e valores, como honestidade, probidade e trabalho pelo Brasil. A\u00ed, futuramente, quando estiver mais maduro, quem sabe al\u00e7ar outros voos pol\u00edticos, se assim entender o eleitorado brasiliense.<\/div>\n<\/div>\n","protected":false},"excerpt":{"rendered":"<p>Trabalho e campanha de distritais Os deputados distritais ter\u00e3o de conciliar a agenda de campanha eleitoral com o trabalho na C\u00e2mara Legislativa. O presidente da Casa, Rafael Prudente (MDB), diz que vai manter o ritmo de vota\u00e7\u00f5es e cobrar compromisso dos colegas. Mas n\u00e3o vai faltar tempo para pedir votos. As vota\u00e7\u00f5es ocorrer\u00e3o sempre nas ter\u00e7as e quartas-feiras e os [&hellip;]<\/p>\n","protected":false},"author":9,"featured_media":401,"comment_status":"open","ping_status":"open","sticky":false,"template":"","format":"standard","meta":{"footnotes":""},"categories":[1],"tags":[],"class_list":["post-1578","post","type-post","status-publish","format-standard","has-post-thumbnail","hentry","category-sem-categoria"],"_links":{"self":[{"href":"https:\/\/blogs.correiobraziliense.com.br\/eixocapital\/wp-json\/wp\/v2\/posts\/1578","targetHints":{"allow":["GET"]}}],"collection":[{"href":"https:\/\/blogs.correiobraziliense.com.br\/eixocapital\/wp-json\/wp\/v2\/posts"}],"about":[{"href":"https:\/\/blogs.correiobraziliense.com.br\/eixocapital\/wp-json\/wp\/v2\/types\/post"}],"author":[{"embeddable":true,"href":"https:\/\/blogs.correiobraziliense.com.br\/eixocapital\/wp-json\/wp\/v2\/users\/9"}],"replies":[{"embeddable":true,"href":"https:\/\/blogs.correiobraziliense.com.br\/eixocapital\/wp-json\/wp\/v2\/comments?post=1578"}],"version-history":[{"count":3,"href":"https:\/\/blogs.correiobraziliense.com.br\/eixocapital\/wp-json\/wp\/v2\/posts\/1578\/revisions"}],"predecessor-version":[{"id":1581,"href":"https:\/\/blogs.correiobraziliense.com.br\/eixocapital\/wp-json\/wp\/v2\/posts\/1578\/revisions\/1581"}],"wp:featuredmedia":[{"embeddable":true,"href":"https:\/\/blogs.correiobraziliense.com.br\/eixocapital\/wp-json\/wp\/v2\/media\/401"}],"wp:attachment":[{"href":"https:\/\/blogs.correiobraziliense.com.br\/eixocapital\/wp-json\/wp\/v2\/media?parent=1578"}],"wp:term":[{"taxonomy":"category","embeddable":true,"href":"https:\/\/blogs.correiobraziliense.com.br\/eixocapital\/wp-json\/wp\/v2\/categories?post=1578"},{"taxonomy":"post_tag","embeddable":true,"href":"https:\/\/blogs.correiobraziliense.com.br\/eixocapital\/wp-json\/wp\/v2\/tags?post=1578"}],"curies":[{"name":"wp","href":"https:\/\/api.w.org\/{rel}","templated":true}]}}