{"id":1574,"date":"2022-06-21T07:37:03","date_gmt":"2022-06-21T10:37:03","guid":{"rendered":"https:\/\/blogs.correiobraziliense.com.br\/eixocapital\/?p=1574"},"modified":"2022-06-21T07:37:03","modified_gmt":"2022-06-21T10:37:03","slug":"joaquim-roriz-neto-pretendo-algum-dia-ser-governador-de-brasilia","status":"publish","type":"post","link":"https:\/\/blogs.correiobraziliense.com.br\/eixocapital\/2022\/06\/21\/joaquim-roriz-neto-pretendo-algum-dia-ser-governador-de-brasilia\/","title":{"rendered":"Joaquim Roriz Neto: &#8220;Pretendo algum dia ser governador de Bras\u00edlia&#8221;"},"content":{"rendered":"<p><strong>\u00c0 Queima-roupa \/\/ Joaquim Roriz Neto, pr\u00e9-candidato a deputado distrital (PL)<\/strong><\/p>\n<p><strong>por Ana Maria Campos<\/strong><\/p>\n<p><strong>Voc\u00ea se considera o herdeiro pol\u00edtico do seu av\u00f4 Joaquim Roriz?<br \/>\n<\/strong>Sem a menor sombra de d\u00favida. Legitimamente. Sou o neto dele. Toda a fam\u00edlia, inclusive minha av\u00f3 Weslian (Roriz), \u00e9 taxativa em me apontar como o \u00fanico representante dos Roriz na pol\u00edtica. E todos os antigos apoiadores do meu av\u00f4, aquelas pessoas que suavam a camisa nas campanhas ou que simplesmente mant\u00eam afeto por ele, s\u00e3o agora apoiadores meus e me apontam como a esperan\u00e7a de ter algu\u00e9m que olhe pelos mais humildes como o meu av\u00f4 olhava. Tanto que muitos falam pra mim: &#8220;Joaquim Roriz fez, Joaquim Roriz Neto vai fazer&#8221;.<\/p>\n<p><strong>Seu nome \u00e9 o mesmo do ex-governador. Voc\u00ea foi preparado desde crian\u00e7a para entrar na pol\u00edtica?<br \/>\n<\/strong>Preparado, n\u00e3o. Mas vivi a pol\u00edtica intensamente, porque morava com meus av\u00f3s, e a pol\u00edtica era feita da sala para a cozinha da minha casa. Lembro-me dos anivers\u00e1rios do meu av\u00f4, em que ele abria a casa e apareciam milhares de pessoas para abra\u00e7\u00e1-lo; das reuni\u00f5es todos os dias; dele atendendo todo mundo. Ent\u00e3o, acho que fui preparado para fazer pol\u00edtica como ele fazia, tratar as pessoas com respeito e com carinho, n\u00e3o necessariamente para &#8220;ser pol\u00edtico&#8221;. \u00c9 uma responsabilidade muito grande ter o mesmo nome do meu av\u00f4. Na \u00e9poca de pol\u00edtica, sempre aparecem muitos com sobrenome &#8220;Roriz&#8221;. Mas, quando as pessoas veem Joaquim Roriz Neto, \u00e9 diferente. Nas minhas caminhadas pelas cidades, nas reuni\u00f5es, a demanda \u00e9 sempre a mesma: as pessoas pedem para eu dar continuidade ao legado dele.<\/p>\n<p><strong>Qual \u00e9 o momento da careira pol\u00edtica de Joaquim Roriz que voc\u00ea presenciou e que te marcou?<br \/>\n<\/strong>Minhas mem\u00f3rias mais marcantes s\u00e3o dessa \u00e9poca em que ele era governador. Das pessoas, muitas, dezenas de pessoas, entrando e saindo de casa o tempo inteiro. Todas com olhar de admira\u00e7\u00e3o e amor por ele.<\/p>\n<p><strong>Sua av\u00f3, Dona Weslian, tem ajudado na sua pr\u00e9-candidatura?<br \/>\n<\/strong>Minha av\u00f3 tem at\u00e9 ido me representar em agendas quando eu, por algum motivo, n\u00e3o posso comparecer. N\u00e3o tenho nem palavras para dizer o quanto ela \u00e9 importante neste per\u00edodo de pr\u00e9-campanha.<\/p>\n<p><strong>Voc\u00ea vai concorrer a que cargo?<br \/>\n<\/strong>Deputado distrital. Vou come\u00e7ar a carreira pol\u00edtica por onde acho que se deve: o cargo que tem contato direto com o povo, que vive os problemas do povo e que ajuda a resolv\u00ea-los. Talvez, at\u00e9 mais do que o pr\u00f3prio governador. Meu av\u00f4, por exemplo, come\u00e7ou a carreira pol\u00edtica dele como vereador, em Luzi\u00e2nia (GO), n\u00e3o custa lembrar.<\/p>\n<p><strong>Qual \u00e9 o seu projeto? Um dia, chegar ao governo como seu av\u00f4?<br \/>\n<\/strong>Ningu\u00e9m come\u00e7a a carreira pol\u00edtica dizendo que quer ser governador ou presidente da Rep\u00fablica. Em primeiro lugar, quero concorrer a deputado distrital, vencer a elei\u00e7\u00e3o e honrar o mandato muito pr\u00f3ximo do povo, como sempre vi meu av\u00f4 fazendo. Pretendo, algum dia, ser governador de Bras\u00edlia. Mas, para chegar l\u00e1, \u00e9 preciso fazer igual ao meu av\u00f4 fez: trabalhar dia e noite de forma compromissada com os mais humildes. Garanto que vou construir minha carreira nesse formato.<\/p>\n<p><strong>Por que voc\u00ea escolheu o PL para concorrer?<br \/>\n<\/strong>Porque recebi um convite muito carinhoso, muito atencioso, de tr\u00eas l\u00edderes do PL: Valdemar Costa Neto, Jos\u00e9 Roberto Arruda e Jair Bolsonaro. N\u00e3o tinha como dizer &#8220;n\u00e3o&#8221;.<\/p>\n<p><strong>Acha que seu av\u00f4 aprovaria o governo Bolsonaro?<br \/>\n<\/strong>Acho que o governo Bolsonaro enfrentou uma pandemia, o que \u00e9 in\u00e9dito. Nenhum outro governo passou por nada parecido. Ent\u00e3o, \u00e9 injusto julgar, aprovar ou reprovar, comparando-se com outros. Posso dizer que, antes da pandemia, a pol\u00edtica de sa\u00fade do Bolsonaro reproduzia a pol\u00edtica de sa\u00fade do meu av\u00f4, focada na aten\u00e7\u00e3o prim\u00e1ria. E que o Aux\u00edlio Brasil, um programa social bem robusto, tem muitas coisas do Renda Minha, que meu av\u00f4 fez em 2001. Ent\u00e3o, \u00e9 capaz de que ele aprovasse.<\/p>\n","protected":false},"excerpt":{"rendered":"<p>Em entrevista, o pr\u00e9-candidato Joaquim Roriz Neto (PL) refor\u00e7a que tentar\u00e1 uma vaga na C\u00e2mara Legislativa para come\u00e7ar a carreira pol\u00edtica perto do povo<\/p>\n","protected":false},"author":9,"featured_media":1575,"comment_status":"open","ping_status":"open","sticky":false,"template":"","format":"standard","meta":{"footnotes":""},"categories":[1],"tags":[29,90,327],"class_list":["post-1574","post","type-post","status-publish","format-standard","has-post-thumbnail","hentry","category-sem-categoria","tag-eleicoes-2022","tag-entrevista","tag-joaquim-roriz-neto"],"_links":{"self":[{"href":"https:\/\/blogs.correiobraziliense.com.br\/eixocapital\/wp-json\/wp\/v2\/posts\/1574","targetHints":{"allow":["GET"]}}],"collection":[{"href":"https:\/\/blogs.correiobraziliense.com.br\/eixocapital\/wp-json\/wp\/v2\/posts"}],"about":[{"href":"https:\/\/blogs.correiobraziliense.com.br\/eixocapital\/wp-json\/wp\/v2\/types\/post"}],"author":[{"embeddable":true,"href":"https:\/\/blogs.correiobraziliense.com.br\/eixocapital\/wp-json\/wp\/v2\/users\/9"}],"replies":[{"embeddable":true,"href":"https:\/\/blogs.correiobraziliense.com.br\/eixocapital\/wp-json\/wp\/v2\/comments?post=1574"}],"version-history":[{"count":1,"href":"https:\/\/blogs.correiobraziliense.com.br\/eixocapital\/wp-json\/wp\/v2\/posts\/1574\/revisions"}],"predecessor-version":[{"id":1576,"href":"https:\/\/blogs.correiobraziliense.com.br\/eixocapital\/wp-json\/wp\/v2\/posts\/1574\/revisions\/1576"}],"wp:featuredmedia":[{"embeddable":true,"href":"https:\/\/blogs.correiobraziliense.com.br\/eixocapital\/wp-json\/wp\/v2\/media\/1575"}],"wp:attachment":[{"href":"https:\/\/blogs.correiobraziliense.com.br\/eixocapital\/wp-json\/wp\/v2\/media?parent=1574"}],"wp:term":[{"taxonomy":"category","embeddable":true,"href":"https:\/\/blogs.correiobraziliense.com.br\/eixocapital\/wp-json\/wp\/v2\/categories?post=1574"},{"taxonomy":"post_tag","embeddable":true,"href":"https:\/\/blogs.correiobraziliense.com.br\/eixocapital\/wp-json\/wp\/v2\/tags?post=1574"}],"curies":[{"name":"wp","href":"https:\/\/api.w.org\/{rel}","templated":true}]}}