{"id":1557,"date":"2022-06-16T07:52:25","date_gmt":"2022-06-16T10:52:25","guid":{"rendered":"https:\/\/blogs.correiobraziliense.com.br\/eixocapital\/?p=1557"},"modified":"2022-06-16T07:52:25","modified_gmt":"2022-06-16T10:52:25","slug":"arruda-pensa-em-concorrer-a-camara-dos-deputados","status":"publish","type":"post","link":"https:\/\/blogs.correiobraziliense.com.br\/eixocapital\/2022\/06\/16\/arruda-pensa-em-concorrer-a-camara-dos-deputados\/","title":{"rendered":"Arruda pensa em concorrer \u00e0 C\u00e2mara dos Deputados"},"content":{"rendered":"<p><strong>Coluna Eixo Capital, por Ana Maria Campos<\/strong><\/p>\n<p>Em 2002, Jos\u00e9 Roberto Arruda, ent\u00e3o no PFL, teve 324.248 votos, e se elegeu deputado federal com uma vota\u00e7\u00e3o recorde. Representava 26% dos votos v\u00e1lidos. Hoje significaria mais de 400 mil votos. Era a volta por cima depois da ren\u00fancia ao mandato de senador um ano antes. Arruda voltou ao Congresso e ainda ajudou a eleger tr\u00eas candidatos de sua coliga\u00e7\u00e3o, Jos\u00e9 Tatico, que teve 29,9 mil votos, Pastor Jorge Pinheiro, com 41,2 mil votos, e Alberto Fraga, com 27,9 mil votos. Hoje o cen\u00e1rio pode se repetir. O presidente nacional do PL, Valdemar Costa Neto, tem tentado convencer Arruda a optar por esse caminho, caso consiga registrar judicialmente uma candidatura nessas elei\u00e7\u00f5es. <a href=\"https:\/\/www.correiobraziliense.com.br\/cidades-df\/2022\/06\/5013469-arruda-tenta-reverter-decisao-do-tribunal-de-justica-do-df-e-territorios.html\"><strong>Enquanto os advogados de Arruda preparam dois recursos com essa finalidade<\/strong><\/a>, o ex-governador pensa na parte pol\u00edtica. Ser candidato ao Pal\u00e1cio do Buriti agora seria uma guerra pol\u00edtica contra o governador Ibaneis Rocha (MDB) que vai disputar a reelei\u00e7\u00e3o com partidos aliados de Arruda e ainda tiraria de Fl\u00e1via Arruda (PL-DF) uma promissora candidatura ao Senado. Em conversas reservadas, Arruda tem dito: &#8220;Eu prefiro um mau acordo do que uma boa demanda&#8221;. E completa: &#8220;Mas n\u00e3o me irritem&#8221;.<\/p>\n<p><strong>Valorizando a marca<\/strong><\/p>\n<p>Arruda n\u00e3o quer atrapalhar os planos de Fl\u00e1via Arruda. Ele a transformou numa pol\u00edtica de sucesso, mas ela soube valorizar a marca. Como ministra do governo Bolsonaro no Pal\u00e1cio do Planalto e presidente da Comiss\u00e3o Mista de Or\u00e7amento, Fl\u00e1via manteve o sobrenome do casal em alta.<\/p>\n","protected":false},"excerpt":{"rendered":"<p>O presidente do PL, Valdemar Costa Neto, tem tentado convencer Arruda a optar por esse caminho, caso consiga registrar judicialmente uma candidatura<\/p>\n","protected":false},"author":9,"featured_media":1558,"comment_status":"open","ping_status":"open","sticky":false,"template":"","format":"standard","meta":{"footnotes":""},"categories":[247],"tags":[29,107,462],"class_list":["post-1557","post","type-post","status-publish","format-standard","has-post-thumbnail","hentry","category-eixo-capital","tag-eleicoes-2022","tag-flavia-arruda","tag-jose-roberto-arruda"],"_links":{"self":[{"href":"https:\/\/blogs.correiobraziliense.com.br\/eixocapital\/wp-json\/wp\/v2\/posts\/1557","targetHints":{"allow":["GET"]}}],"collection":[{"href":"https:\/\/blogs.correiobraziliense.com.br\/eixocapital\/wp-json\/wp\/v2\/posts"}],"about":[{"href":"https:\/\/blogs.correiobraziliense.com.br\/eixocapital\/wp-json\/wp\/v2\/types\/post"}],"author":[{"embeddable":true,"href":"https:\/\/blogs.correiobraziliense.com.br\/eixocapital\/wp-json\/wp\/v2\/users\/9"}],"replies":[{"embeddable":true,"href":"https:\/\/blogs.correiobraziliense.com.br\/eixocapital\/wp-json\/wp\/v2\/comments?post=1557"}],"version-history":[{"count":1,"href":"https:\/\/blogs.correiobraziliense.com.br\/eixocapital\/wp-json\/wp\/v2\/posts\/1557\/revisions"}],"predecessor-version":[{"id":1559,"href":"https:\/\/blogs.correiobraziliense.com.br\/eixocapital\/wp-json\/wp\/v2\/posts\/1557\/revisions\/1559"}],"wp:featuredmedia":[{"embeddable":true,"href":"https:\/\/blogs.correiobraziliense.com.br\/eixocapital\/wp-json\/wp\/v2\/media\/1558"}],"wp:attachment":[{"href":"https:\/\/blogs.correiobraziliense.com.br\/eixocapital\/wp-json\/wp\/v2\/media?parent=1557"}],"wp:term":[{"taxonomy":"category","embeddable":true,"href":"https:\/\/blogs.correiobraziliense.com.br\/eixocapital\/wp-json\/wp\/v2\/categories?post=1557"},{"taxonomy":"post_tag","embeddable":true,"href":"https:\/\/blogs.correiobraziliense.com.br\/eixocapital\/wp-json\/wp\/v2\/tags?post=1557"}],"curies":[{"name":"wp","href":"https:\/\/api.w.org\/{rel}","templated":true}]}}