{"id":1554,"date":"2022-06-15T07:26:31","date_gmt":"2022-06-15T10:26:31","guid":{"rendered":"https:\/\/blogs.correiobraziliense.com.br\/eixocapital\/?p=1554"},"modified":"2022-06-15T07:26:31","modified_gmt":"2022-06-15T10:26:31","slug":"polarizacao-nacional-pode-influenciar-eleicoes-no-df","status":"publish","type":"post","link":"https:\/\/blogs.correiobraziliense.com.br\/eixocapital\/2022\/06\/15\/polarizacao-nacional-pode-influenciar-eleicoes-no-df\/","title":{"rendered":"Polariza\u00e7\u00e3o nacional pode influenciar elei\u00e7\u00f5es no DF"},"content":{"rendered":"<p><strong>Coluna Eixo Capital, por Ana Maria Campos<\/strong><\/p>\n<p>A coordena\u00e7\u00e3o da campanha de Lula subestimou a popularidade do ex-presidente na capital do pa\u00eds. A pesquisa Opini\u00e3o Pol\u00edtica, que o <strong>Correio<\/strong> publica na edi\u00e7\u00e3o de hoje, mostra que <a href=\"https:\/\/www.correiobraziliense.com.br\/cidades-df\/2022\/06\/5015368-em-cenario-dividido-no-df-lula-tem-373-dos-votos-e-bolsonaro-346.html\"><strong>Lula e Bolsonaro est\u00e3o empatados na prefer\u00eancia do eleitorado do Distrito Federal<\/strong><\/a>, com certa vantagem para o petista que est\u00e1 \u00e0 frente do advers\u00e1rio. A dire\u00e7\u00e3o do PT incluiu o DF entre as unidades da federa\u00e7\u00e3o em que h\u00e1 necessidade de virada, como Acre, Roraima, Rond\u00f4nia, Santa Catarina. Pelo que indica a pesquisa, o DF ser\u00e1 uma \u00e1rea em que Lula poder\u00e1 ajudar a eleger candidatos que se identificarem com sua bandeira e com discurso antag\u00f4nico ao de Bolsonaro.<\/p>\n<p><strong>Bolsonaro perdeu eleitores no DF<br \/>\n<\/strong>Da mesma forma, o presidente Jair Bolsonaro poder\u00e1 influenciar no resultado das elei\u00e7\u00f5es de candidatos afinados com o discurso conservador e anti-petista. Mas ele perdeu espa\u00e7o no DF. No segundo turno, Bolsonaro venceu em todas as zonas eleitorais do DF. No geral, obteve 69,99% dos votos v\u00e1lidos contra o petista Fernando Haddad. Claro que ainda h\u00e1 uma campanha pela frente e muitos embates. Mas a foto do momento indica que a vantagem eleitoral n\u00e3o existe mais.<\/p>\n<p><strong>Equil\u00edbrio na polariza\u00e7\u00e3o<br \/>\n<\/strong>Numa elei\u00e7\u00e3o t\u00e3o polarizada nacionalmente, surge um problema para os candidatos a cargos majorit\u00e1rios que precisam conquistar votos de eleitores de Bolsonaro e de Lula. O deputado distrital Leandro Grass (PV) vai fazer campanha colado em Lula, torcendo para chegar ao segundo turno com um advers\u00e1rio totalmente identificado com Bolsonaro. Mas outros candidatos v\u00e3o preferir a neutralidade. Para o senador Izalci Lucas (PSDB-DF) apoiar uma candidatura neutra, como a da senadora Simone Tebet (MDB-MS) \u00e9 o para\u00edso.<\/p>\n<p><strong>Martelo batido<br \/>\n<\/strong>Os presidentes do PT, Jacy Afonso; do PV, Eduardo Brand\u00e3o; e do PCdoB, Jo\u00e3o Vicente Goulart, divulgaram uma nota ontem para refor\u00e7ar a decis\u00e3o de lan\u00e7ar o deputado distrital Leandro Grass ao governo do DF nas pr\u00f3ximas elei\u00e7\u00f5es. Tamb\u00e9m est\u00e1 definido que a diretora do Sindicato dos Professores (Sinpro) ser\u00e1 a candidata ao Senado. Falta definir o vice ou a vice.<\/p>\n<h3><strong>Canal aberto<\/strong><\/h3>\n<p>O governador Ibaneis Rocha vai receber a diretoria do Sindicato dos Policiais Civis do Distrito Federal (Sinpol-DF) e do Sindicato dos Delegados da Pol\u00edcia Civil (Sindepo) na pr\u00f3xima quarta-feira, para tratar da recomposi\u00e7\u00e3o salarial dos policiais civis do DF. O encontro foi marcado ap\u00f3s a realiza\u00e7\u00e3o de um ato em que a categoria solicitou apoio do governador para que fa\u00e7a interlocu\u00e7\u00e3o com o governo federal para que o pleito destrave no Minist\u00e9rio da Economia. A proposta de Ibaneis de recomposi\u00e7\u00e3o salarial das for\u00e7as de seguran\u00e7a do DF foi assinada e enviada \u00e0 Uni\u00e3o em mar\u00e7o. At\u00e9 o momento, n\u00e3o houve decis\u00e3o sobre o encaminhamento e o prazo termina para a autoriza\u00e7\u00e3o do reajuste termina em 30 de junho, por ser ano de elei\u00e7\u00f5es.<\/p>\n<p><strong>Agora vai<br \/>\n<\/strong>O deputado distrital Reginaldo Veras (PV) marcou para 23 de junho um evento de lan\u00e7amento da pr\u00e9-candidatura a deputado federal. Ser\u00e1 o in\u00edcio oficial da pr\u00e9-campanha, com presta\u00e7\u00e3o de contas do mandato em Taguatinga.<\/p>\n","protected":false},"excerpt":{"rendered":"<p>O DF ser\u00e1 uma \u00e1rea em que Lula poder\u00e1 ajudar a eleger candidatos que se identificarem com sua bandeira e com discurso antag\u00f4nico ao de Bolsonaro.<\/p>\n","protected":false},"author":9,"featured_media":1555,"comment_status":"open","ping_status":"open","sticky":false,"template":"","format":"standard","meta":{"footnotes":""},"categories":[247],"tags":[56,29,60,160,433,121,198,449],"class_list":["post-1554","post","type-post","status-publish","format-standard","has-post-thumbnail","hentry","category-eixo-capital","tag-bolsonaro","tag-eleicoes-2022","tag-izalci-lucas","tag-leandro-grass","tag-lula","tag-policia-civil","tag-sindepo","tag-sinpol-df"],"_links":{"self":[{"href":"https:\/\/blogs.correiobraziliense.com.br\/eixocapital\/wp-json\/wp\/v2\/posts\/1554","targetHints":{"allow":["GET"]}}],"collection":[{"href":"https:\/\/blogs.correiobraziliense.com.br\/eixocapital\/wp-json\/wp\/v2\/posts"}],"about":[{"href":"https:\/\/blogs.correiobraziliense.com.br\/eixocapital\/wp-json\/wp\/v2\/types\/post"}],"author":[{"embeddable":true,"href":"https:\/\/blogs.correiobraziliense.com.br\/eixocapital\/wp-json\/wp\/v2\/users\/9"}],"replies":[{"embeddable":true,"href":"https:\/\/blogs.correiobraziliense.com.br\/eixocapital\/wp-json\/wp\/v2\/comments?post=1554"}],"version-history":[{"count":1,"href":"https:\/\/blogs.correiobraziliense.com.br\/eixocapital\/wp-json\/wp\/v2\/posts\/1554\/revisions"}],"predecessor-version":[{"id":1556,"href":"https:\/\/blogs.correiobraziliense.com.br\/eixocapital\/wp-json\/wp\/v2\/posts\/1554\/revisions\/1556"}],"wp:featuredmedia":[{"embeddable":true,"href":"https:\/\/blogs.correiobraziliense.com.br\/eixocapital\/wp-json\/wp\/v2\/media\/1555"}],"wp:attachment":[{"href":"https:\/\/blogs.correiobraziliense.com.br\/eixocapital\/wp-json\/wp\/v2\/media?parent=1554"}],"wp:term":[{"taxonomy":"category","embeddable":true,"href":"https:\/\/blogs.correiobraziliense.com.br\/eixocapital\/wp-json\/wp\/v2\/categories?post=1554"},{"taxonomy":"post_tag","embeddable":true,"href":"https:\/\/blogs.correiobraziliense.com.br\/eixocapital\/wp-json\/wp\/v2\/tags?post=1554"}],"curies":[{"name":"wp","href":"https:\/\/api.w.org\/{rel}","templated":true}]}}